{"id":3876,"date":"2023-09-11T11:51:10","date_gmt":"2023-09-11T09:51:10","guid":{"rendered":"http:\/\/pkas.cz\/?p=3876"},"modified":"2023-09-20T21:24:05","modified_gmt":"2023-09-20T19:24:05","slug":"finale-omd-mladsiho-zactva-pro-zaky-skody-plzen-a-devcata-z-petrina","status":"publish","type":"post","link":"http:\/\/pkas.cz\/?p=3876","title":{"rendered":"Fin\u00e1le OMD mlad\u0161\u00edho \u017eactva pro \u017e\u00e1ky \u0160KODY Plze\u0148 a d\u011bv\u010data z Pet\u0159\u00edna"},"content":{"rendered":"<h1>Fin\u00e1le OMD mlad\u0161\u00edho \u017eactva pro \u017e\u00e1ky \u0160KODY Plze\u0148 a d\u011bv\u010data z Pet\u0159\u00edna<\/h1>\n<p><img loading=\"lazy\" decoding=\"async\" class=\"alignnone size-medium wp-image-3877\" src=\"http:\/\/pkas.cz\/wp-content\/uploads\/2023\/09\/PLZENOMDMLZCU2023-300x225.jpg\" alt=\"\" width=\"300\" height=\"225\" srcset=\"http:\/\/pkas.cz\/wp-content\/uploads\/2023\/09\/PLZENOMDMLZCU2023-300x225.jpg 300w, http:\/\/pkas.cz\/wp-content\/uploads\/2023\/09\/PLZENOMDMLZCU2023-1024x768.jpg 1024w, http:\/\/pkas.cz\/wp-content\/uploads\/2023\/09\/PLZENOMDMLZCU2023-768x576.jpg 768w, http:\/\/pkas.cz\/wp-content\/uploads\/2023\/09\/PLZENOMDMLZCU2023-1536x1152.jpg 1536w, http:\/\/pkas.cz\/wp-content\/uploads\/2023\/09\/PLZENOMDMLZCU2023.jpg 2048w\" sizes=\"(max-width: 300px) 100vw, 300px\" \/> <img loading=\"lazy\" decoding=\"async\" class=\"alignnone  wp-image-3907\" src=\"http:\/\/pkas.cz\/wp-content\/uploads\/2023\/09\/PETRIN-300x135.jpg\" alt=\"\" width=\"502\" height=\"226\" srcset=\"http:\/\/pkas.cz\/wp-content\/uploads\/2023\/09\/PETRIN-300x135.jpg 300w, http:\/\/pkas.cz\/wp-content\/uploads\/2023\/09\/PETRIN-1024x461.jpg 1024w, http:\/\/pkas.cz\/wp-content\/uploads\/2023\/09\/PETRIN-768x346.jpg 768w, http:\/\/pkas.cz\/wp-content\/uploads\/2023\/09\/PETRIN-1536x691.jpg 1536w, http:\/\/pkas.cz\/wp-content\/uploads\/2023\/09\/PETRIN.jpg 1600w\" sizes=\"(max-width: 502px) 100vw, 502px\" \/><\/p>\n<p>ZDROJ SC START Karlovy Vary &#8211; stupn\u011b v\u00edt\u011bz\u016f mlad\u0161\u00ed \u017e\u00e1ci<\/p>\n<p>Za \u00fa\u010dasti 18 dru\u017estev vyvrcholila sout\u011b\u017e mlad\u0161\u00edho \u017eactva Plze\u0148sk\u00e9ho a Karlovarsk\u00e9ho kraje.<\/p>\n<p>A m\u016f\u017eeme dodat, \u017ee to bylo za posledn\u00ed dobu jedno z nejnap\u00ednav\u011bj\u0161\u00edch fin\u00e1le a z\u00e1rove\u0148 i po\u010detn\u011b nejv\u00edce obsazen\u00e9 sout\u011b\u017ee za posledn\u00ed roky.<\/p>\n<p>Hlavn\u011b sout\u011b\u017ee d\u00edvek byly velice nabit\u00e9 a maj\u00ed p\u0159ekvapiv\u00e9ho v\u00edt\u011bze v podob\u011b d\u00edvek ze Sokol SG Pet\u0159\u00edn, kter\u00e9 p\u0159eru\u0161ily osmiletou nadvl\u00e1du dom\u00e1c\u00ed \u0160kody Plze\u0148. T\u0159et\u00ed<\/p>\n<p>TRIATLET Karlovy Vary z.s..<\/p>\n<p>Chlapeck\u00e1 sout\u011b\u017e byla ji\u017e v jasn\u00e9 re\u017eii dom\u00e1c\u00ed \u0160kody Plze\u0148, druh\u00e9 m\u00edsto si odv\u00e1\u017e\u00ed dru\u017estvo SC Start Karlovy Vary a t\u0159et\u00ed skon\u010dili chlapci z Pet\u0159\u00edna.<\/p>\n<p><a href=\"https:\/\/online.atletika.cz\/vysledky\/68036\/0\/5\">V\u00ddSLEDKY<\/a><\/p>\n<p><a href=\"http:\/\/pkas.cz\/wp-content\/uploads\/2023\/09\/Zpravodaj-finale-OMD-ml.-zactvo-finale.pdf\">ZPRAVODAJ \u0158P<\/a><\/p>\n","protected":false},"excerpt":{"rendered":"<p>Fin\u00e1le OMD mlad\u0161\u00edho \u017eactva pro \u017e\u00e1ky \u0160KODY Plze\u0148 a d\u011bv\u010data z Pet\u0159\u00edna ZDROJ SC START Karlovy Vary &#8211; stupn\u011b v\u00edt\u011bz\u016f mlad\u0161\u00ed \u017e\u00e1ci Za \u00fa\u010dasti 18&hellip;<\/p>\n","protected":false},"author":2,"featured_media":3907,"comment_status":"closed","ping_status":"closed","sticky":false,"template":"","format":"standard","meta":{"footnotes":""},"categories":[1],"tags":[],"jetpack_sharing_enabled":true,"jetpack_featured_media_url":"http:\/\/pkas.cz\/wp-content\/uploads\/2023\/09\/PETRIN.jpg","_links":{"self":[{"href":"http:\/\/pkas.cz\/index.php?rest_route=\/wp\/v2\/posts\/3876"}],"collection":[{"href":"http:\/\/pkas.cz\/index.php?rest_route=\/wp\/v2\/posts"}],"about":[{"href":"http:\/\/pkas.cz\/index.php?rest_route=\/wp\/v2\/types\/post"}],"author":[{"embeddable":true,"href":"http:\/\/pkas.cz\/index.php?rest_route=\/wp\/v2\/users\/2"}],"replies":[{"embeddable":true,"href":"http:\/\/pkas.cz\/index.php?rest_route=%2Fwp%2Fv2%2Fcomments&post=3876"}],"version-history":[{"count":3,"href":"http:\/\/pkas.cz\/index.php?rest_route=\/wp\/v2\/posts\/3876\/revisions"}],"predecessor-version":[{"id":3908,"href":"http:\/\/pkas.cz\/index.php?rest_route=\/wp\/v2\/posts\/3876\/revisions\/3908"}],"wp:featuredmedia":[{"embeddable":true,"href":"http:\/\/pkas.cz\/index.php?rest_route=\/wp\/v2\/media\/3907"}],"wp:attachment":[{"href":"http:\/\/pkas.cz\/index.php?rest_route=%2Fwp%2Fv2%2Fmedia&parent=3876"}],"wp:term":[{"taxonomy":"category","embeddable":true,"href":"http:\/\/pkas.cz\/index.php?rest_route=%2Fwp%2Fv2%2Fcategories&post=3876"},{"taxonomy":"post_tag","embeddable":true,"href":"http:\/\/pkas.cz\/index.php?rest_route=%2Fwp%2Fv2%2Ftags&post=3876"}],"curies":[{"name":"wp","href":"https:\/\/api.w.org\/{rel}","templated":true}]}}