{"id":3872,"date":"2023-09-11T11:27:53","date_gmt":"2023-09-11T09:27:53","guid":{"rendered":"http:\/\/pkas.cz\/?p=3872"},"modified":"2023-09-11T11:36:25","modified_gmt":"2023-09-11T09:36:25","slug":"mistrovstvi-cech-druzstev-2","status":"publish","type":"post","link":"http:\/\/pkas.cz\/?p=3872","title":{"rendered":"Mistrovstv\u00ed \u010cech dru\u017estev"},"content":{"rendered":"<h1><strong>Mistrovstv\u00ed \u010cech dru\u017estev<\/strong><\/h1>\n<figure id=\"attachment_717\" aria-describedby=\"caption-attachment-717\" style=\"width: 300px\" class=\"wp-caption alignnone\"><img loading=\"lazy\" decoding=\"async\" class=\"size-medium wp-image-717\" src=\"http:\/\/pkas.cz\/wp-content\/uploads\/2020\/01\/PKAS_logo-pr\u016fhledn\u00fd-e1663571776431-300x225.png\" alt=\"logo_new\" width=\"300\" height=\"225\" \/><figcaption id=\"caption-attachment-717\" class=\"wp-caption-text\">Nov\u00e9 logo PKAS<\/figcaption><\/figure>\n<p>O v\u00edkendu 9. a 10. z\u00e1\u0159\u00ed se piln\u011b z\u00e1vodilo po cel\u00e9 \u010cesk\u00e9 republice. V tomto \u010dl\u00e1nku p\u0159in\u00e1\u0161\u00edme \u00fasp\u011b\u0161n\u00e1 vystoupen\u00ed ml\u00e1de\u017enick\u00fdch dru\u017estev, kter\u00e1 byla spojena s postupem na M\u010cR dru\u017estev:<\/p>\n<p><strong>Junio\u0159i a Juniorky &#8211; Praha &#8211; Eden<\/strong><\/p>\n<p>V\u00edt\u011bzstv\u00ed si z Prahy odv\u00e1\u017eej\u00ed juniorky plze\u0148sk\u00e9 \u0160kodovky a s nimi i junio\u0159i, kte\u0159\u00ed byli druz\u00ed se mohou t\u011b\u0161it, \u017ee zabojuj\u00ed o medaile na dom\u00e1c\u00edm stadionu.<\/p>\n<p>Semifin\u00e1le se z\u00fa\u010dastnily i t\u00fdmy z Pet\u0159\u00edna, kter\u00e9 obsadily shodn\u011b 7. m\u00edsta.<\/p>\n<p><a href=\"https:\/\/online.atletika.cz\/vysledky\/65812\/0\/5\">V\u00ddSLEDKY<\/a><\/p>\n<p>Fin\u00e1le M\u010cR uvid\u00edme v Plzni 23.9.<\/p>\n<p><strong>Dorostenci a dorostenky &#8211; T\u0159eb\u00ed\u010d<\/strong><\/p>\n<p>V T\u0159eb\u00ed\u010di se Mistrovstv\u00ed \u010cech dorostu z\u00fa\u010dastnilo 5 dru\u017estev. Nejl\u00e9pe si vedly dorostenky AK \u0160KODA Plze\u0148, kter\u00e9 vyhr\u00e1ly celou sout\u011b\u017e. Z postupu do republikov\u00e9ho fin\u00e1le se raduj\u00ed i dorostenci, kte\u0159\u00ed obsadili 3. m\u00edsto.\u00a0 V semifin\u00e1le se je\u0161t\u011b objevila ob\u011b dru\u017estva Atletiky Klatovy (dci &#8211; 8. m\u00edsto, dky &#8211; 9. m\u00edsto) a dorostenky z Ban\u00edku St\u0159\u00edbro (7.)<\/p>\n<p><a href=\"https:\/\/online.atletika.cz\/vysledky\/68728\/0\/5\">V\u00ddSLEDKY<\/a><\/p>\n<p>Fin\u00e1le M\u010cR dru\u017estev se uskute\u010dn\u00ed v Olomouci.<\/p>\n<p><strong>Star\u0161\u00ed \u017e\u00e1ci a \u017e\u00e1kyn\u011b &#8211; Cheb\u00a0<\/strong><\/p>\n<p>\u017dactvo si dalo dostaven\u00ed\u010dko na zlat\u00e9 dr\u00e1ze v Chebu. Zde se z postupu raduj\u00ed d\u011bv\u010data AK \u0160KODA Plze\u0148, kter\u00e1 obsadila t\u0159et\u00ed m\u00edsto a postoupila d\u00edky lep\u0161\u00edm um\u00edst\u011bn\u00edm.<\/p>\n<p>Chlapci AK \u0160KODA skon\u010dili \u010dtvrt\u00ed, \u017e\u00e1ci Atletika Klatovy na 6. m\u00edst\u011b a \u017e\u00e1kyn\u011b z Pet\u0159\u00edna na m\u00edst\u011b 11.<\/p>\n<p><a href=\"https:\/\/online.atletika.cz\/vysledky\/68730\/0\/5\">V\u00ddSLEDKY<\/a><\/p>\n<p>Fin\u00e1le M\u010cR dru\u017estev se uskute\u010dn\u00ed v Praze na D\u011bkance za po\u0159\u00e1d\u00e1n\u00ed m\u00edstn\u00edho odd\u00edlu TJ Spartak Praha 4.<\/p>\n","protected":false},"excerpt":{"rendered":"<p>Mistrovstv\u00ed \u010cech dru\u017estev O v\u00edkendu 9. a 10. z\u00e1\u0159\u00ed se piln\u011b z\u00e1vodilo po cel\u00e9 \u010cesk\u00e9 republice. V tomto \u010dl\u00e1nku p\u0159in\u00e1\u0161\u00edme \u00fasp\u011b\u0161n\u00e1 vystoupen\u00ed ml\u00e1de\u017enick\u00fdch dru\u017estev, kter\u00e1&hellip;<\/p>\n","protected":false},"author":2,"featured_media":717,"comment_status":"closed","ping_status":"closed","sticky":false,"template":"","format":"standard","meta":{"footnotes":""},"categories":[1],"tags":[],"jetpack_sharing_enabled":true,"jetpack_featured_media_url":"http:\/\/pkas.cz\/wp-content\/uploads\/2020\/01\/PKAS_logo-pr\u016fhledn\u00fd.png","_links":{"self":[{"href":"http:\/\/pkas.cz\/index.php?rest_route=\/wp\/v2\/posts\/3872"}],"collection":[{"href":"http:\/\/pkas.cz\/index.php?rest_route=\/wp\/v2\/posts"}],"about":[{"href":"http:\/\/pkas.cz\/index.php?rest_route=\/wp\/v2\/types\/post"}],"author":[{"embeddable":true,"href":"http:\/\/pkas.cz\/index.php?rest_route=\/wp\/v2\/users\/2"}],"replies":[{"embeddable":true,"href":"http:\/\/pkas.cz\/index.php?rest_route=%2Fwp%2Fv2%2Fcomments&post=3872"}],"version-history":[{"count":1,"href":"http:\/\/pkas.cz\/index.php?rest_route=\/wp\/v2\/posts\/3872\/revisions"}],"predecessor-version":[{"id":3873,"href":"http:\/\/pkas.cz\/index.php?rest_route=\/wp\/v2\/posts\/3872\/revisions\/3873"}],"wp:featuredmedia":[{"embeddable":true,"href":"http:\/\/pkas.cz\/index.php?rest_route=\/wp\/v2\/media\/717"}],"wp:attachment":[{"href":"http:\/\/pkas.cz\/index.php?rest_route=%2Fwp%2Fv2%2Fmedia&parent=3872"}],"wp:term":[{"taxonomy":"category","embeddable":true,"href":"http:\/\/pkas.cz\/index.php?rest_route=%2Fwp%2Fv2%2Fcategories&post=3872"},{"taxonomy":"post_tag","embeddable":true,"href":"http:\/\/pkas.cz\/index.php?rest_route=%2Fwp%2Fv2%2Ftags&post=3872"}],"curies":[{"name":"wp","href":"https:\/\/api.w.org\/{rel}","templated":true}]}}