{"id":3855,"date":"2023-09-08T08:17:40","date_gmt":"2023-09-08T06:17:40","guid":{"rendered":"http:\/\/pkas.cz\/?p=3855"},"modified":"2023-09-08T11:47:48","modified_gmt":"2023-09-08T09:47:48","slug":"nabidka-trenerske-praxe","status":"publish","type":"post","link":"http:\/\/pkas.cz\/?p=3855","title":{"rendered":"Nab\u00eddka tren\u00e9rsk\u00e9 praxe"},"content":{"rendered":"<h1>Nab\u00eddka tren\u00e9rsk\u00e9 praxe<\/h1>\n<p>&nbsp;<\/p>\n<p><img loading=\"lazy\" decoding=\"async\" class=\"wp-image-3858 alignleft\" src=\"http:\/\/pkas.cz\/wp-content\/uploads\/2023\/09\/CHodova-Plana-212x300.jpg\" alt=\"\" width=\"256\" height=\"362\" srcset=\"http:\/\/pkas.cz\/wp-content\/uploads\/2023\/09\/CHodova-Plana-212x300.jpg 212w, http:\/\/pkas.cz\/wp-content\/uploads\/2023\/09\/CHodova-Plana-724x1024.jpg 724w, http:\/\/pkas.cz\/wp-content\/uploads\/2023\/09\/CHodova-Plana-768x1086.jpg 768w, http:\/\/pkas.cz\/wp-content\/uploads\/2023\/09\/CHodova-Plana-1086x1536.jpg 1086w, http:\/\/pkas.cz\/wp-content\/uploads\/2023\/09\/CHodova-Plana.jpg 1131w\" sizes=\"(max-width: 256px) 100vw, 256px\" \/><\/p>\n<p>V\u00e1\u017een\u00ed atleti\u010dt\u00ed kolegov\u00e9,<\/p>\n<div><\/div>\n<div>\n<div>po domluv\u011b mezi \u010cesk\u00fdm atletick\u00fdm svazem, TJ Chodov\u00e1 Plan\u00e1 a Z\u0160 Chodov\u00e1 Plan\u00e1 jsme se rozhodli zorganizovat uk\u00e1zkov\u00fd atletick\u00fd tr\u00e9nink v \u00fater\u00fd 12. 9. od 16 hod na atletick\u00e9m h\u0159i\u0161ti v Chodov\u00e9 Plan\u00e9.<\/div>\n<div>C\u00edlem sportovn\u00ed akce je zjistit popt\u00e1vku ve\u0159ejnosti po atletice v regionu.<\/div>\n<div><\/div>\n<div>Bohu\u017eel n\u00e1s nejv\u00edce t\u00ed\u017e\u00ed nalezen\u00ed tren\u00e9rsk\u00e9ho zaji\u0161t\u011bn\u00ed krou\u017eku. Proto se na V\u00e1s obrac\u00edm s prosbou o p\u0159ed\u00e1n\u00ed informac\u00ed Va\u0161im tren\u00e9r\u016fm, koleg\u016fm \u010di dal\u0161\u00edm osob\u00e1m, kte\u0159\u00ed maj\u00ed bl\u00edzko ke sportu a pr\u00e1ci s d\u011btmi. Krou\u017eek by m\u011bl prob\u00edhat v odpoledn\u00edch hodin\u00e1ch dvakr\u00e1t t\u00fddn\u011b v rozsahu cca 90 minut v Chodov\u00e9 Plan\u00e9. V\u00fdhodou pro tren\u00e9ry bude zaji\u0161t\u011bn\u00ed od TJ a Z\u0160 co se t\u00fd\u010de prostor a pom\u016fcek.<\/div>\n<\/div>\n<div><\/div>\n<div>V p\u0159\u00edpad\u011b z\u00e1jmu kontaktujte atletick\u00e9ho mana\u017eera Plze\u0148sk\u00e9ho kraje:<\/div>\n<div><\/div>\n<div><b>Mgr. Miroslav Neuvirt<\/b><\/div>\n<div>\n<p>Mobil:\u00a0\u00a0\u00a0\u00a0\u00a0+420\u00a0724\u00a0704 993<br \/>\nE-mail:\u00a0\u00a0\u00a0<a id=\"-wm-mcntmcntmcntmcntmcntmcntmcntmcntmcntmcntmcntmcntmcntmcntmcntmcntmcntmcntmcntmcntmcntmcntmcntmcntmcntmcntmcntmcnt__wm_link1\" class=\"-wm-mailto\" title=\"Odeslat e-mail na adresu ldinga@atletika.cz\" href=\"mailto:ldinga@atletika.cz\" target=\"_blank\" rel=\"noopener\"><\/a><a id=\"-wm-mcntmcntmcntmcntmcntmcntmcntmcntmcntmcntmcntmcntmcntmcntmcntmcntmcntmcntmcntmcntmcntmcntmcntmcntmcntmcntmcntmcnt__wm_link2\" class=\"-wm-mailto\" title=\"Odeslat e-mail na adresu mneuvirt@atletika.cz\" href=\"mailto:mneuvirt@atletika.cz\" target=\"_blank\" rel=\"noopener\">mneuvirt@atletika.cz<\/a><\/p>\n<\/div>\n","protected":false},"excerpt":{"rendered":"<p>Nab\u00eddka tren\u00e9rsk\u00e9 praxe &nbsp; V\u00e1\u017een\u00ed atleti\u010dt\u00ed kolegov\u00e9, po domluv\u011b mezi \u010cesk\u00fdm atletick\u00fdm svazem, TJ Chodov\u00e1 Plan\u00e1 a Z\u0160 Chodov\u00e1 Plan\u00e1 jsme se rozhodli zorganizovat uk\u00e1zkov\u00fd&hellip;<\/p>\n","protected":false},"author":2,"featured_media":717,"comment_status":"closed","ping_status":"closed","sticky":false,"template":"","format":"standard","meta":{"footnotes":""},"categories":[1],"tags":[],"jetpack_sharing_enabled":true,"jetpack_featured_media_url":"http:\/\/pkas.cz\/wp-content\/uploads\/2020\/01\/PKAS_logo-pr\u016fhledn\u00fd.png","_links":{"self":[{"href":"http:\/\/pkas.cz\/index.php?rest_route=\/wp\/v2\/posts\/3855"}],"collection":[{"href":"http:\/\/pkas.cz\/index.php?rest_route=\/wp\/v2\/posts"}],"about":[{"href":"http:\/\/pkas.cz\/index.php?rest_route=\/wp\/v2\/types\/post"}],"author":[{"embeddable":true,"href":"http:\/\/pkas.cz\/index.php?rest_route=\/wp\/v2\/users\/2"}],"replies":[{"embeddable":true,"href":"http:\/\/pkas.cz\/index.php?rest_route=%2Fwp%2Fv2%2Fcomments&post=3855"}],"version-history":[{"count":2,"href":"http:\/\/pkas.cz\/index.php?rest_route=\/wp\/v2\/posts\/3855\/revisions"}],"predecessor-version":[{"id":3859,"href":"http:\/\/pkas.cz\/index.php?rest_route=\/wp\/v2\/posts\/3855\/revisions\/3859"}],"wp:featuredmedia":[{"embeddable":true,"href":"http:\/\/pkas.cz\/index.php?rest_route=\/wp\/v2\/media\/717"}],"wp:attachment":[{"href":"http:\/\/pkas.cz\/index.php?rest_route=%2Fwp%2Fv2%2Fmedia&parent=3855"}],"wp:term":[{"taxonomy":"category","embeddable":true,"href":"http:\/\/pkas.cz\/index.php?rest_route=%2Fwp%2Fv2%2Fcategories&post=3855"},{"taxonomy":"post_tag","embeddable":true,"href":"http:\/\/pkas.cz\/index.php?rest_route=%2Fwp%2Fv2%2Ftags&post=3855"}],"curies":[{"name":"wp","href":"https:\/\/api.w.org\/{rel}","templated":true}]}}