{"id":3847,"date":"2023-09-05T10:39:22","date_gmt":"2023-09-05T08:39:22","guid":{"rendered":"http:\/\/pkas.cz\/?p=3847"},"modified":"2023-09-05T10:39:22","modified_gmt":"2023-09-05T08:39:22","slug":"omd-starsiho-zactva-vyvrcholilo-ve-stribre","status":"publish","type":"post","link":"http:\/\/pkas.cz\/?p=3847","title":{"rendered":"OMD star\u0161\u00edho \u017eactva vyvrcholilo ve St\u0159\u00edb\u0159e"},"content":{"rendered":"<h1>OMD star\u0161\u00edho \u017eactva vyvrcholilo ve St\u0159\u00edb\u0159e<\/h1>\n<p><img loading=\"lazy\" decoding=\"async\" class=\"alignnone size-medium wp-image-3848\" src=\"http:\/\/pkas.cz\/wp-content\/uploads\/2023\/09\/omd-starsi-zaci-300x225.jpg\" alt=\"\" width=\"300\" height=\"225\" srcset=\"http:\/\/pkas.cz\/wp-content\/uploads\/2023\/09\/omd-starsi-zaci-300x225.jpg 300w, http:\/\/pkas.cz\/wp-content\/uploads\/2023\/09\/omd-starsi-zaci.jpg 600w\" sizes=\"(max-width: 300px) 100vw, 300px\" \/><\/p>\n<p>zdroj Atletika Klatovy<\/p>\n<p>V sobotu 2. z\u00e1\u0159\u00ed vyvrcholilo OMD star\u0161\u00edho \u017eactva t\u0159et\u00edm kolem ve St\u0159\u00edb\u0159e. Na programu byl pln\u00fd rozsah discipl\u00edn.<\/p>\n<p><a href=\"https:\/\/online.atletika.cz\/vysledky\/68033\">V\u00ddSLEDKY<\/a><\/p>\n<p><a href=\"http:\/\/pkas.cz\/wp-content\/uploads\/2023\/09\/Zpravodaj_3_kolo-OMD-zactva.pdf\">ZPRAVODAJ \u0158P<\/a><\/p>\n<p><a href=\"https:\/\/www.atletika.cz\/_sys_\/FileStorage\/download\/19\/18890\/postupujici-druzstva-mc-a-mms-2023.pdf\">POSTUPUJ\u00cdC\u00cd DRUS\u017dTVA NA SEMIFIN\u00c1LE M\u0106R<\/a> v\u0161ech ml\u00e1de\u017enick\u00fdch kategori\u00ed<\/p>\n","protected":false},"excerpt":{"rendered":"<p>OMD star\u0161\u00edho \u017eactva vyvrcholilo ve St\u0159\u00edb\u0159e zdroj Atletika Klatovy V sobotu 2. z\u00e1\u0159\u00ed vyvrcholilo OMD star\u0161\u00edho \u017eactva t\u0159et\u00edm kolem ve St\u0159\u00edb\u0159e. Na programu byl pln\u00fd&hellip;<\/p>\n","protected":false},"author":2,"featured_media":3848,"comment_status":"closed","ping_status":"closed","sticky":false,"template":"","format":"standard","meta":{"footnotes":""},"categories":[1],"tags":[],"jetpack_sharing_enabled":true,"jetpack_featured_media_url":"http:\/\/pkas.cz\/wp-content\/uploads\/2023\/09\/omd-starsi-zaci.jpg","_links":{"self":[{"href":"http:\/\/pkas.cz\/index.php?rest_route=\/wp\/v2\/posts\/3847"}],"collection":[{"href":"http:\/\/pkas.cz\/index.php?rest_route=\/wp\/v2\/posts"}],"about":[{"href":"http:\/\/pkas.cz\/index.php?rest_route=\/wp\/v2\/types\/post"}],"author":[{"embeddable":true,"href":"http:\/\/pkas.cz\/index.php?rest_route=\/wp\/v2\/users\/2"}],"replies":[{"embeddable":true,"href":"http:\/\/pkas.cz\/index.php?rest_route=%2Fwp%2Fv2%2Fcomments&post=3847"}],"version-history":[{"count":1,"href":"http:\/\/pkas.cz\/index.php?rest_route=\/wp\/v2\/posts\/3847\/revisions"}],"predecessor-version":[{"id":3850,"href":"http:\/\/pkas.cz\/index.php?rest_route=\/wp\/v2\/posts\/3847\/revisions\/3850"}],"wp:featuredmedia":[{"embeddable":true,"href":"http:\/\/pkas.cz\/index.php?rest_route=\/wp\/v2\/media\/3848"}],"wp:attachment":[{"href":"http:\/\/pkas.cz\/index.php?rest_route=%2Fwp%2Fv2%2Fmedia&parent=3847"}],"wp:term":[{"taxonomy":"category","embeddable":true,"href":"http:\/\/pkas.cz\/index.php?rest_route=%2Fwp%2Fv2%2Fcategories&post=3847"},{"taxonomy":"post_tag","embeddable":true,"href":"http:\/\/pkas.cz\/index.php?rest_route=%2Fwp%2Fv2%2Ftags&post=3847"}],"curies":[{"name":"wp","href":"https:\/\/api.w.org\/{rel}","templated":true}]}}