{"id":3844,"date":"2023-09-04T11:15:19","date_gmt":"2023-09-04T09:15:19","guid":{"rendered":"http:\/\/pkas.cz\/?p=3844"},"modified":"2023-09-04T11:15:19","modified_gmt":"2023-09-04T09:15:19","slug":"beh-plzenske-teplarenske-bezecky-pohar-mladeze","status":"publish","type":"post","link":"http:\/\/pkas.cz\/?p=3844","title":{"rendered":"B\u011aH PLZE\u0147SK\u00c9 TEPL\u00c1RENSK\u00c9 &#8211; B\u011b\u017eeck\u00fd poh\u00e1r ml\u00e1de\u017ee"},"content":{"rendered":"<p><strong>B\u011aH<img loading=\"lazy\" decoding=\"async\" class=\"size-medium wp-image-3845 alignleft\" src=\"http:\/\/pkas.cz\/wp-content\/uploads\/2023\/09\/plzentepleranska-300x240.jpg\" alt=\"\" width=\"300\" height=\"240\" srcset=\"http:\/\/pkas.cz\/wp-content\/uploads\/2023\/09\/plzentepleranska-300x240.jpg 300w, http:\/\/pkas.cz\/wp-content\/uploads\/2023\/09\/plzentepleranska-1024x821.jpg 1024w, http:\/\/pkas.cz\/wp-content\/uploads\/2023\/09\/plzentepleranska-768x615.jpg 768w, http:\/\/pkas.cz\/wp-content\/uploads\/2023\/09\/plzentepleranska.jpg 1440w\" sizes=\"(max-width: 300px) 100vw, 300px\" \/> PLZE\u0147SK\u00c9 TEPL\u00c1RENSK\u00c9<\/strong> &#8211; B\u011b\u017eeck\u00fd poh\u00e1r ml\u00e1de\u017ee<\/p>\n<p>Dal\u0161\u00ed d\u00edlek B\u011b\u017eeck\u00e9 poh\u00e1ru ml\u00e1de\u017ee Plze\u0148sk\u00e9ho kraje se odehr\u00e1l na b\u0159ez\u00edch Boleveck\u00e9ho rybn\u00edka.<\/p>\n<p>P\u0159in\u00e1\u0161\u00edme <a href=\"http:\/\/www.pro-sport.cz\/vysledky-11\/\">KOMPLETN\u00cd V\u00ddSLEDKY<\/a><\/p>\n<p>a z\u00e1rove\u0148 <a href=\"http:\/\/www.pro-sport.cz\/sites\/PRO-SPORT.cz\/\/repository\/Pr__b____n___po__ad___B____eck__ho_poh__ru_ml__de__e_2023_VI.xls\">PR\u016eB\u011a\u017dN\u00c9 PO\u0158AD\u00cd B\u011a\u017dECK\u00c9HO POH\u00c1RU<\/a> na startu podzimn\u00ed sez\u00f3ny.<\/p>\n<p>&nbsp;<\/p>\n<p>&nbsp;<\/p>\n<p>&nbsp;<\/p>\n<p>foto Aktiv Sport Hor\u0161ovsk\u00fd T\u00fdn<\/p>\n","protected":false},"excerpt":{"rendered":"<p>B\u011aH PLZE\u0147SK\u00c9 TEPL\u00c1RENSK\u00c9 &#8211; B\u011b\u017eeck\u00fd poh\u00e1r ml\u00e1de\u017ee Dal\u0161\u00ed d\u00edlek B\u011b\u017eeck\u00e9 poh\u00e1ru ml\u00e1de\u017ee Plze\u0148sk\u00e9ho kraje se odehr\u00e1l na b\u0159ez\u00edch Boleveck\u00e9ho rybn\u00edka. P\u0159in\u00e1\u0161\u00edme KOMPLETN\u00cd V\u00ddSLEDKY a z\u00e1rove\u0148&hellip;<\/p>\n","protected":false},"author":2,"featured_media":3845,"comment_status":"closed","ping_status":"closed","sticky":false,"template":"","format":"standard","meta":{"footnotes":""},"categories":[1],"tags":[],"jetpack_sharing_enabled":true,"jetpack_featured_media_url":"http:\/\/pkas.cz\/wp-content\/uploads\/2023\/09\/plzentepleranska.jpg","_links":{"self":[{"href":"http:\/\/pkas.cz\/index.php?rest_route=\/wp\/v2\/posts\/3844"}],"collection":[{"href":"http:\/\/pkas.cz\/index.php?rest_route=\/wp\/v2\/posts"}],"about":[{"href":"http:\/\/pkas.cz\/index.php?rest_route=\/wp\/v2\/types\/post"}],"author":[{"embeddable":true,"href":"http:\/\/pkas.cz\/index.php?rest_route=\/wp\/v2\/users\/2"}],"replies":[{"embeddable":true,"href":"http:\/\/pkas.cz\/index.php?rest_route=%2Fwp%2Fv2%2Fcomments&post=3844"}],"version-history":[{"count":1,"href":"http:\/\/pkas.cz\/index.php?rest_route=\/wp\/v2\/posts\/3844\/revisions"}],"predecessor-version":[{"id":3846,"href":"http:\/\/pkas.cz\/index.php?rest_route=\/wp\/v2\/posts\/3844\/revisions\/3846"}],"wp:featuredmedia":[{"embeddable":true,"href":"http:\/\/pkas.cz\/index.php?rest_route=\/wp\/v2\/media\/3845"}],"wp:attachment":[{"href":"http:\/\/pkas.cz\/index.php?rest_route=%2Fwp%2Fv2%2Fmedia&parent=3844"}],"wp:term":[{"taxonomy":"category","embeddable":true,"href":"http:\/\/pkas.cz\/index.php?rest_route=%2Fwp%2Fv2%2Fcategories&post=3844"},{"taxonomy":"post_tag","embeddable":true,"href":"http:\/\/pkas.cz\/index.php?rest_route=%2Fwp%2Fv2%2Ftags&post=3844"}],"curies":[{"name":"wp","href":"https:\/\/api.w.org\/{rel}","templated":true}]}}