{"id":3823,"date":"2023-08-27T09:34:06","date_gmt":"2023-08-27T07:34:06","guid":{"rendered":"http:\/\/pkas.cz\/?p=3823"},"modified":"2023-08-27T09:34:06","modified_gmt":"2023-08-27T07:34:06","slug":"4-kolo-ligovych-soutezi-a-2-kolo-preboru","status":"publish","type":"post","link":"http:\/\/pkas.cz\/?p=3823","title":{"rendered":"4. kolo ligov\u00fdch sout\u011b\u017e\u00ed a 2. kolo p\u0159eboru"},"content":{"rendered":"<h1>4. kolo ligov\u00fdch sout\u011b\u017e\u00ed a 2. kolo p\u0159eboru<\/h1>\n<figure id=\"attachment_717\" aria-describedby=\"caption-attachment-717\" style=\"width: 300px\" class=\"wp-caption alignnone\"><img loading=\"lazy\" decoding=\"async\" class=\"size-medium wp-image-717\" src=\"http:\/\/pkas.cz\/wp-content\/uploads\/2020\/01\/PKAS_logo-pr\u016fhledn\u00fd-e1663571776431-300x225.png\" alt=\"logo_new\" width=\"300\" height=\"225\" \/><figcaption id=\"caption-attachment-717\" class=\"wp-caption-text\">Nov\u00e9 logo PKAS<\/figcaption><\/figure>\n<p>O v\u00edkendu 19. a 20. srpna se uskute\u010dnila z\u00e1v\u011bre\u010dn\u00e1 kola ligov\u00fdch sout\u011b\u017e\u00ed. Poohl\u00e9\u010fn\u011bme se za jej\u00edmi v\u00fdsledky<\/p>\n<p>I. liga prob\u011bhla na D\u011bkance v Praze a mu\u017esk\u00fd t\u00fdm AC Doma\u017elice a \u017eensk\u00fd t\u00fdm TJ Sokol Pet\u0159\u00edn obsadil shodn\u011b 4. m\u00edsto.<\/p>\n<p>Celkov\u011b v sout\u011b\u017ei pat\u0159\u00ed Doma\u017elic\u00edm 3. m\u00edsto a d\u011bv\u010dat\u016fm z Pet\u0159\u00edna p\u0159i vyrovnan\u00e9m sou\u010dtu hlavn\u00edch bod\u016f m\u00edsto \u010dtvrt\u00e9.<\/p>\n<p><a href=\"https:\/\/online.atletika.cz\/vysledky\/67600\/0\/5\">V\u00ddSLEDKY 1. LIGY<\/a><\/p>\n<p>Druh\u00e1 liga m\u00e1 v\u00edce z\u00e1stupc\u016f. V mu\u017esk\u00e9 sout\u011b\u017ei se da\u0159ilo v posledn\u00edm kole \u0160kodov\u00e1k\u016fm, kte\u0159\u00ed zaznamenali v sout\u011b\u017ei d\u00edl\u010d\u00ed v\u00edt\u011bzstv\u00ed. Z \u017eensk\u00fdch t\u00fdm\u016f byl nejv\u00fd\u0161\u0161 postaven\u00fd ten ze St\u0159\u00edbra na 6. m\u00edst\u011b.<\/p>\n<p><a href=\"https:\/\/online.atletika.cz\/vysledky\/67616\/0\/2\">V\u00ddSLEDKY 2. LIGY<\/a><\/p>\n<p>Krajsk\u00fd p\u0159ebor m\u011bl na programu teprve druh\u00e9 kolo ze t\u0159\u00ed a v N\u00fd\u0159anech s t\u00edm spojili i pok\u0159t\u011bn\u00ed nov\u00e9 klece na dlouh\u00e9 hody. V p\u0159eboru se zat\u00edm da\u0159\u00ed v\u00edce karlovarsk\u00fdm t\u00fdm\u016fm. Ve druh\u00e9m kole vyhr\u00e1l mu\u017esk\u00fd t\u00fdm \u0160AK Chodov a \u017eensk\u00fd t\u00fdm z Chebu.<\/p>\n<p><a href=\"https:\/\/online.atletika.cz\/vysledky\/69414\">V\u00ddSLEDKY 2. KOLA KRAJSK\u00c9HO P\u0158EBORU<\/a><\/p>\n<p><a href=\"http:\/\/pkas.cz\/wp-content\/uploads\/2023\/08\/zpravodaj-c.-2-2023.pdf\">ZPRAVODAJ \u0158P ZDE\u0143KA MR\u00c1\u010cKA<\/a><\/p>\n<p><a href=\"https:\/\/online.atletika.cz\/vysledky\/69414\">KONE\u010cN\u00c9 V\u00ddSLEDKY LIGOV\u00ddCH SOUT\u011a\u017d\u00cd<\/a><\/p>\n<p><a href=\"https:\/\/www.atletika.cz\/_sys_\/FileStorage\/download\/19\/18874\/mcr-a-baraze-seznam-ucastniku.pdf\">\u00da\u010cASTN\u00cdCI BAR\u00c1\u017d\u00cd<\/a><\/p>\n<p>&nbsp;<\/p>\n<p>&nbsp;<\/p>\n","protected":false},"excerpt":{"rendered":"<p>4. kolo ligov\u00fdch sout\u011b\u017e\u00ed a 2. kolo p\u0159eboru O v\u00edkendu 19. a 20. srpna se uskute\u010dnila z\u00e1v\u011bre\u010dn\u00e1 kola ligov\u00fdch sout\u011b\u017e\u00ed. Poohl\u00e9\u010fn\u011bme se za jej\u00edmi v\u00fdsledky&hellip;<\/p>\n","protected":false},"author":2,"featured_media":717,"comment_status":"closed","ping_status":"closed","sticky":false,"template":"","format":"standard","meta":{"footnotes":""},"categories":[1],"tags":[],"jetpack_sharing_enabled":true,"jetpack_featured_media_url":"http:\/\/pkas.cz\/wp-content\/uploads\/2020\/01\/PKAS_logo-pr\u016fhledn\u00fd.png","_links":{"self":[{"href":"http:\/\/pkas.cz\/index.php?rest_route=\/wp\/v2\/posts\/3823"}],"collection":[{"href":"http:\/\/pkas.cz\/index.php?rest_route=\/wp\/v2\/posts"}],"about":[{"href":"http:\/\/pkas.cz\/index.php?rest_route=\/wp\/v2\/types\/post"}],"author":[{"embeddable":true,"href":"http:\/\/pkas.cz\/index.php?rest_route=\/wp\/v2\/users\/2"}],"replies":[{"embeddable":true,"href":"http:\/\/pkas.cz\/index.php?rest_route=%2Fwp%2Fv2%2Fcomments&post=3823"}],"version-history":[{"count":2,"href":"http:\/\/pkas.cz\/index.php?rest_route=\/wp\/v2\/posts\/3823\/revisions"}],"predecessor-version":[{"id":3826,"href":"http:\/\/pkas.cz\/index.php?rest_route=\/wp\/v2\/posts\/3823\/revisions\/3826"}],"wp:featuredmedia":[{"embeddable":true,"href":"http:\/\/pkas.cz\/index.php?rest_route=\/wp\/v2\/media\/717"}],"wp:attachment":[{"href":"http:\/\/pkas.cz\/index.php?rest_route=%2Fwp%2Fv2%2Fmedia&parent=3823"}],"wp:term":[{"taxonomy":"category","embeddable":true,"href":"http:\/\/pkas.cz\/index.php?rest_route=%2Fwp%2Fv2%2Fcategories&post=3823"},{"taxonomy":"post_tag","embeddable":true,"href":"http:\/\/pkas.cz\/index.php?rest_route=%2Fwp%2Fv2%2Ftags&post=3823"}],"curies":[{"name":"wp","href":"https:\/\/api.w.org\/{rel}","templated":true}]}}