{"id":3816,"date":"2023-08-23T18:59:17","date_gmt":"2023-08-23T16:59:17","guid":{"rendered":"http:\/\/pkas.cz\/?p=3816"},"modified":"2023-08-23T19:02:17","modified_gmt":"2023-08-23T17:02:17","slug":"tereza-petrzilkova-senzacne-treti-na-mistrovstvi-sveta","status":"publish","type":"post","link":"http:\/\/pkas.cz\/?p=3816","title":{"rendered":"Tereza Petr\u017e\u00edlkov\u00e1 senza\u010dn\u011b t\u0159et\u00ed na mistrovstv\u00ed sv\u011bta!!!"},"content":{"rendered":"<h1>Tereza Petr\u017e\u00edlkov\u00e1 senza\u010dn\u011b t\u0159et\u00ed na mistrovstv\u00ed sv\u011bta!!!<\/h1>\n<p><img loading=\"lazy\" decoding=\"async\" class=\"alignnone size-medium wp-image-3817\" src=\"http:\/\/pkas.cz\/wp-content\/uploads\/2023\/08\/stafeta-mix4x400-300x300.jpg\" alt=\"\" width=\"300\" height=\"300\" srcset=\"http:\/\/pkas.cz\/wp-content\/uploads\/2023\/08\/stafeta-mix4x400-300x300.jpg 300w, http:\/\/pkas.cz\/wp-content\/uploads\/2023\/08\/stafeta-mix4x400-1024x1024.jpg 1024w, http:\/\/pkas.cz\/wp-content\/uploads\/2023\/08\/stafeta-mix4x400-150x150.jpg 150w, http:\/\/pkas.cz\/wp-content\/uploads\/2023\/08\/stafeta-mix4x400-768x768.jpg 768w, http:\/\/pkas.cz\/wp-content\/uploads\/2023\/08\/stafeta-mix4x400-1536x1536.jpg 1536w, http:\/\/pkas.cz\/wp-content\/uploads\/2023\/08\/stafeta-mix4x400.jpg 1920w\" sizes=\"(max-width: 300px) 100vw, 300px\" \/> <img loading=\"lazy\" decoding=\"async\" class=\"alignnone wp-image-3819\" src=\"http:\/\/pkas.cz\/wp-content\/uploads\/2023\/08\/petrzilkova-300x200.jpg\" alt=\"\" width=\"458\" height=\"305\" srcset=\"http:\/\/pkas.cz\/wp-content\/uploads\/2023\/08\/petrzilkova-300x200.jpg 300w, http:\/\/pkas.cz\/wp-content\/uploads\/2023\/08\/petrzilkova-1024x683.jpg 1024w, http:\/\/pkas.cz\/wp-content\/uploads\/2023\/08\/petrzilkova-768x512.jpg 768w, http:\/\/pkas.cz\/wp-content\/uploads\/2023\/08\/petrzilkova-391x260.jpg 391w, http:\/\/pkas.cz\/wp-content\/uploads\/2023\/08\/petrzilkova.jpg 1440w\" sizes=\"(max-width: 458px) 100vw, 458px\" \/><\/p>\n<p>Zdroj facebook \u010cesk\u00e1 atletika<\/p>\n<p>\u010cesk\u00e1 sm\u00ed\u0161en\u00e1 \u0161tafeta na 4x400m ve slo\u017een\u00ed Mat\u011bj Krsek &#8211; Tereza Petr\u017e\u00edlkov\u00e1 &#8211; Patrik \u0160orm &#8211; Lada Vondrov\u00e1 pro\u0161la p\u0159es krkolomn\u00fd rozb\u011bh s p\u00e1dy pod nohy a\u017e do fin\u00e1le mistrovstv\u00ed sv\u011bta. V n\u011bm se postupn\u011b probojovala a\u017e na 4. m\u00edsto, kter\u00e9 dr\u017eela v c\u00edlov\u00e9 rovince. N\u011bkolik metr\u016f p\u0159ed koncem ale senza\u010dn\u011b za\u0161kobrtla holandsk\u00e1 fini\u0161manka Femke Bolov\u00e1 a p\u0159i p\u00e1du ji upadl kol\u00edk, se kter\u00fdm neprob\u011bhla c\u00edl a byla tak n\u00e1sledn\u011b diskvalifikovan\u00e1. Pro n\u011bkoho ne\u0161t\u011bst\u00ed n\u00e1m p\u0159ineslo radost v podob\u011b bronzov\u00e9 medaile.<\/p>\n<p><a href=\"https:\/\/youtu.be\/YI-voeNdzLQ\">MEDAILVOV\u00c9\u00a0 HODNOCEN\u00cd \u010cLEN\u016e<\/a><\/p>\n","protected":false},"excerpt":{"rendered":"<p>Tereza Petr\u017e\u00edlkov\u00e1 senza\u010dn\u011b t\u0159et\u00ed na mistrovstv\u00ed sv\u011bta!!! Zdroj facebook \u010cesk\u00e1 atletika \u010cesk\u00e1 sm\u00ed\u0161en\u00e1 \u0161tafeta na 4x400m ve slo\u017een\u00ed Mat\u011bj Krsek &#8211; Tereza Petr\u017e\u00edlkov\u00e1 &#8211; Patrik&hellip;<\/p>\n","protected":false},"author":2,"featured_media":3817,"comment_status":"closed","ping_status":"closed","sticky":false,"template":"","format":"standard","meta":{"footnotes":""},"categories":[1],"tags":[],"jetpack_sharing_enabled":true,"jetpack_featured_media_url":"http:\/\/pkas.cz\/wp-content\/uploads\/2023\/08\/stafeta-mix4x400.jpg","_links":{"self":[{"href":"http:\/\/pkas.cz\/index.php?rest_route=\/wp\/v2\/posts\/3816"}],"collection":[{"href":"http:\/\/pkas.cz\/index.php?rest_route=\/wp\/v2\/posts"}],"about":[{"href":"http:\/\/pkas.cz\/index.php?rest_route=\/wp\/v2\/types\/post"}],"author":[{"embeddable":true,"href":"http:\/\/pkas.cz\/index.php?rest_route=\/wp\/v2\/users\/2"}],"replies":[{"embeddable":true,"href":"http:\/\/pkas.cz\/index.php?rest_route=%2Fwp%2Fv2%2Fcomments&post=3816"}],"version-history":[{"count":3,"href":"http:\/\/pkas.cz\/index.php?rest_route=\/wp\/v2\/posts\/3816\/revisions"}],"predecessor-version":[{"id":3822,"href":"http:\/\/pkas.cz\/index.php?rest_route=\/wp\/v2\/posts\/3816\/revisions\/3822"}],"wp:featuredmedia":[{"embeddable":true,"href":"http:\/\/pkas.cz\/index.php?rest_route=\/wp\/v2\/media\/3817"}],"wp:attachment":[{"href":"http:\/\/pkas.cz\/index.php?rest_route=%2Fwp%2Fv2%2Fmedia&parent=3816"}],"wp:term":[{"taxonomy":"category","embeddable":true,"href":"http:\/\/pkas.cz\/index.php?rest_route=%2Fwp%2Fv2%2Fcategories&post=3816"},{"taxonomy":"post_tag","embeddable":true,"href":"http:\/\/pkas.cz\/index.php?rest_route=%2Fwp%2Fv2%2Ftags&post=3816"}],"curies":[{"name":"wp","href":"https:\/\/api.w.org\/{rel}","templated":true}]}}