{"id":3813,"date":"2023-08-23T18:34:33","date_gmt":"2023-08-23T16:34:33","guid":{"rendered":"http:\/\/pkas.cz\/?p=3813"},"modified":"2023-08-23T18:34:33","modified_gmt":"2023-08-23T16:34:33","slug":"chodska-1500-krajske-mistrovstvi-na-1500m-v-ramci-mezinarodniho-mitinku","status":"publish","type":"post","link":"http:\/\/pkas.cz\/?p=3813","title":{"rendered":"Chodsk\u00e1 1500 &#8211; Krajsk\u00e9 mistrovstv\u00ed na 1500m v r\u00e1mci mezin\u00e1rodn\u00edho m\u00edtinku"},"content":{"rendered":"<h1>Chodsk\u00e1 1500 &#8211; Krajsk\u00e9 mistrovstv\u00ed na 1500m v r\u00e1mci mezin\u00e1rodn\u00edho m\u00edtinku<\/h1>\n<p><img loading=\"lazy\" decoding=\"async\" class=\"alignnone size-medium wp-image-3814\" src=\"http:\/\/pkas.cz\/wp-content\/uploads\/2023\/08\/ch1500POZVANKA-300x199.jpg\" alt=\"\" width=\"300\" height=\"199\" srcset=\"http:\/\/pkas.cz\/wp-content\/uploads\/2023\/08\/ch1500POZVANKA-300x199.jpg 300w, http:\/\/pkas.cz\/wp-content\/uploads\/2023\/08\/ch1500POZVANKA-768x510.jpg 768w, http:\/\/pkas.cz\/wp-content\/uploads\/2023\/08\/ch1500POZVANKA-391x260.jpg 391w, http:\/\/pkas.cz\/wp-content\/uploads\/2023\/08\/ch1500POZVANKA.jpg 1024w\" sizes=\"(max-width: 300px) 100vw, 300px\" \/><\/p>\n<p><a href=\"https:\/\/www.rajce.idnes.cz\/emtrix\/album\/53-rocnik-chodska-1500-n-3\/1309739878\">FOTOZDROJ\u00a0<\/a><\/p>\n<p>V sobotu 26.8. se v Doma\u017elic\u00edch uskute\u010dn\u00ed mezin\u00e1rodn\u00ed m\u00edtink Chodsk\u00e1 1500.\u00a0 V r\u00e1mci z\u00e1vodu se uskute\u010dn\u00ed tak\u00e9 mistrovsk\u00e9 p\u0159ebory na 1500m a z\u00e1vod je rovn\u011b\u017e vyps\u00e1n jako B\u011b\u017eeck\u00fd poh\u00e1r ml\u00e1de\u017ee Plze\u0148sk\u00e9ho kraje.<\/p>\n<p><a href=\"https:\/\/online.atletika.cz\/Propozice\/propozice\/68032\">PROPOZICE Z\u00c1VODU\u00a0<\/a><\/p>\n","protected":false},"excerpt":{"rendered":"<p>Chodsk\u00e1 1500 &#8211; Krajsk\u00e9 mistrovstv\u00ed na 1500m v r\u00e1mci mezin\u00e1rodn\u00edho m\u00edtinku FOTOZDROJ\u00a0 V sobotu 26.8. se v Doma\u017elic\u00edch uskute\u010dn\u00ed mezin\u00e1rodn\u00ed m\u00edtink Chodsk\u00e1 1500.\u00a0 V r\u00e1mci&hellip;<\/p>\n","protected":false},"author":2,"featured_media":3814,"comment_status":"closed","ping_status":"closed","sticky":false,"template":"","format":"standard","meta":{"footnotes":""},"categories":[1],"tags":[],"jetpack_sharing_enabled":true,"jetpack_featured_media_url":"http:\/\/pkas.cz\/wp-content\/uploads\/2023\/08\/ch1500POZVANKA.jpg","_links":{"self":[{"href":"http:\/\/pkas.cz\/index.php?rest_route=\/wp\/v2\/posts\/3813"}],"collection":[{"href":"http:\/\/pkas.cz\/index.php?rest_route=\/wp\/v2\/posts"}],"about":[{"href":"http:\/\/pkas.cz\/index.php?rest_route=\/wp\/v2\/types\/post"}],"author":[{"embeddable":true,"href":"http:\/\/pkas.cz\/index.php?rest_route=\/wp\/v2\/users\/2"}],"replies":[{"embeddable":true,"href":"http:\/\/pkas.cz\/index.php?rest_route=%2Fwp%2Fv2%2Fcomments&post=3813"}],"version-history":[{"count":1,"href":"http:\/\/pkas.cz\/index.php?rest_route=\/wp\/v2\/posts\/3813\/revisions"}],"predecessor-version":[{"id":3815,"href":"http:\/\/pkas.cz\/index.php?rest_route=\/wp\/v2\/posts\/3813\/revisions\/3815"}],"wp:featuredmedia":[{"embeddable":true,"href":"http:\/\/pkas.cz\/index.php?rest_route=\/wp\/v2\/media\/3814"}],"wp:attachment":[{"href":"http:\/\/pkas.cz\/index.php?rest_route=%2Fwp%2Fv2%2Fmedia&parent=3813"}],"wp:term":[{"taxonomy":"category","embeddable":true,"href":"http:\/\/pkas.cz\/index.php?rest_route=%2Fwp%2Fv2%2Fcategories&post=3813"},{"taxonomy":"post_tag","embeddable":true,"href":"http:\/\/pkas.cz\/index.php?rest_route=%2Fwp%2Fv2%2Ftags&post=3813"}],"curies":[{"name":"wp","href":"https:\/\/api.w.org\/{rel}","templated":true}]}}