{"id":3806,"date":"2023-08-15T06:36:44","date_gmt":"2023-08-15T04:36:44","guid":{"rendered":"http:\/\/pkas.cz\/?p=3806"},"modified":"2023-08-15T06:43:28","modified_gmt":"2023-08-15T04:43:28","slug":"me-junioru-bronzova-stafeta-s-katerinou-matouskovou-a-dalsi-vysledky","status":"publish","type":"post","link":"http:\/\/pkas.cz\/?p=3806","title":{"rendered":"ME junior\u016f: Bronzov\u00e1 \u0161tafeta s Kate\u0159inou Matou\u0161kovou a dal\u0161\u00ed v\u00fdsledky"},"content":{"rendered":"<h1>ME junior\u016f: Bronzov\u00e1 \u0161tafeta s Kate\u0159inou Matou\u0161kovou a dal\u0161\u00ed v\u00fdsledky<\/h1>\n<p><img loading=\"lazy\" decoding=\"async\" class=\"alignnone size-medium wp-image-3807\" src=\"http:\/\/pkas.cz\/wp-content\/uploads\/2023\/08\/stafetazenME2023-300x300.jpg\" alt=\"\" width=\"300\" height=\"300\" srcset=\"http:\/\/pkas.cz\/wp-content\/uploads\/2023\/08\/stafetazenME2023-300x300.jpg 300w, http:\/\/pkas.cz\/wp-content\/uploads\/2023\/08\/stafetazenME2023-150x150.jpg 150w, http:\/\/pkas.cz\/wp-content\/uploads\/2023\/08\/stafetazenME2023-768x768.jpg 768w, http:\/\/pkas.cz\/wp-content\/uploads\/2023\/08\/stafetazenME2023.jpg 843w\" sizes=\"(max-width: 300px) 100vw, 300px\" \/><\/p>\n<p>Izraelsk\u00fd Jeruzal\u00e9m hostil Mistrovstv\u00ed Evropy junior\u016f a z pohledu to \u010desk\u00e9 v\u00fdpravy to byl nej\u00fasp\u011b\u0161n\u011bj\u0161\u00ed \u0161ampion\u00e1t v novodob\u00e9 historii. Svoji tro\u0161kou do ml\u00fdna k tomu pomohli i Z\u00e1pado\u010de\u0161i.<\/p>\n<p><strong>Kate\u0159ina Matou\u0161kov\u00e1 <\/strong>startovala v rozb\u011bhu i fin\u00e1le \u0161tafetov\u00e9ho z\u00e1vodu na 4x400m. Dlouho to vypadalo, \u017ee na\u0161e d\u011bv\u010data na medaili nedos\u00e1hnou, ale vlivem p\u00e1du ve n\u011bmeck\u00e9 reprezentantky ve fini\u0161i z toho nakonec bylo t\u0159et\u00ed m\u00edsto a nov\u00fd n\u00e1rodn\u00ed rekord t\u00e9to v\u011bkov\u00e9 kategorie &#8211; \u00a03:34.84.<\/p>\n<p>Ka\u010dka startovala i v rozb\u011bhu na individu\u00e1ln\u00ed \u010dty\u0159stovce, kde obsadila 18. m\u00edsto v \u010dase 54,79s.<\/p>\n<p>Reakce na\u0161ich z\u00e1vodnic po n\u00e1rodn\u00edm rekordu <a href=\"https:\/\/youtu.be\/KHe7vT4kp_c\">ZDE<\/a><\/p>\n<p>Z rozb\u011bh\u016f do semifin\u00e1le na distanci 400 m p\u0159ek\u00e1\u017eek postoupil<strong> Michal Haidelmeier<\/strong>. Ten se pak d\u00edky nov\u00e9mu osobn\u00edmu rekordu pr\u00e1v\u011b v semifin\u00e1le 51.48 s um\u00edstil na celkov\u00e9 dev\u00e1t\u00e9 pozici v Evrop\u011b.<\/p>\n<p>Na sv\u00e9m premi\u00e9rov\u00e9m evropsk\u00e9m \u0161ampion\u00e1tu se pak p\u0159edstavili dva na\u0161i vrha\u010di. O trochu \u00fasp\u011b\u0161n\u011bj\u0161\u00ed byl o\u0161t\u011bpa\u0159 <strong>Jan V\u00fd\u0161ka<\/strong>, kter\u00fd se v nap\u00ednav\u00e9m z\u00e1vod\u011b dok\u00e1zal probojovat do fin\u00e1le, kde pak v\u00fdkonem 66.06 m skon\u010dil na dvan\u00e1ct\u00e9m m\u00edst\u011b.<\/p>\n<p>To <strong>Nick Vr\u00e1nek<\/strong> sb\u00edral zku\u0161enosti v n\u00e1rodn\u00edch barv\u00e1ch v kladiv\u00e1\u0159sk\u00e9m kruhu, kde v\u00fdkonem 67.83 m bral nepopul\u00e1rn\u00ed prvn\u00ed nepostupuj\u00edc\u00ed m\u00edsto, tedy kone\u010dn\u00e9 13. m\u00edsto.<\/p>\n<p>Kompletn\u00ed sada <a href=\"https:\/\/jerusalem23results.european-athletics.com\/en\/results\/athletics\/daily-schedule-date=2023-08-10.htm\">V\u00ddSLEDK\u016e<\/a><\/p>\n<p>\u010d\u00e1ste\u010dn\u011b p\u0159evzato z facebooku AK \u0160KODA Plze\u0148<\/p>\n","protected":false},"excerpt":{"rendered":"<p>ME junior\u016f: Bronzov\u00e1 \u0161tafeta s Kate\u0159inou Matou\u0161kovou a dal\u0161\u00ed v\u00fdsledky Izraelsk\u00fd Jeruzal\u00e9m hostil Mistrovstv\u00ed Evropy junior\u016f a z pohledu to \u010desk\u00e9 v\u00fdpravy to byl nej\u00fasp\u011b\u0161n\u011bj\u0161\u00ed&hellip;<\/p>\n","protected":false},"author":2,"featured_media":3807,"comment_status":"closed","ping_status":"closed","sticky":false,"template":"","format":"standard","meta":{"footnotes":""},"categories":[1],"tags":[],"jetpack_sharing_enabled":true,"jetpack_featured_media_url":"http:\/\/pkas.cz\/wp-content\/uploads\/2023\/08\/stafetazenME2023.jpg","_links":{"self":[{"href":"http:\/\/pkas.cz\/index.php?rest_route=\/wp\/v2\/posts\/3806"}],"collection":[{"href":"http:\/\/pkas.cz\/index.php?rest_route=\/wp\/v2\/posts"}],"about":[{"href":"http:\/\/pkas.cz\/index.php?rest_route=\/wp\/v2\/types\/post"}],"author":[{"embeddable":true,"href":"http:\/\/pkas.cz\/index.php?rest_route=\/wp\/v2\/users\/2"}],"replies":[{"embeddable":true,"href":"http:\/\/pkas.cz\/index.php?rest_route=%2Fwp%2Fv2%2Fcomments&post=3806"}],"version-history":[{"count":4,"href":"http:\/\/pkas.cz\/index.php?rest_route=\/wp\/v2\/posts\/3806\/revisions"}],"predecessor-version":[{"id":3811,"href":"http:\/\/pkas.cz\/index.php?rest_route=\/wp\/v2\/posts\/3806\/revisions\/3811"}],"wp:featuredmedia":[{"embeddable":true,"href":"http:\/\/pkas.cz\/index.php?rest_route=\/wp\/v2\/media\/3807"}],"wp:attachment":[{"href":"http:\/\/pkas.cz\/index.php?rest_route=%2Fwp%2Fv2%2Fmedia&parent=3806"}],"wp:term":[{"taxonomy":"category","embeddable":true,"href":"http:\/\/pkas.cz\/index.php?rest_route=%2Fwp%2Fv2%2Fcategories&post=3806"},{"taxonomy":"post_tag","embeddable":true,"href":"http:\/\/pkas.cz\/index.php?rest_route=%2Fwp%2Fv2%2Ftags&post=3806"}],"curies":[{"name":"wp","href":"https:\/\/api.w.org\/{rel}","templated":true}]}}