{"id":3802,"date":"2023-08-15T06:18:00","date_gmt":"2023-08-15T04:18:00","guid":{"rendered":"http:\/\/pkas.cz\/?p=3802"},"modified":"2023-08-15T06:18:00","modified_gmt":"2023-08-15T04:18:00","slug":"tomas-stanek-se-predvedl-na-hvezdne-hazeni","status":"publish","type":"post","link":"http:\/\/pkas.cz\/?p=3802","title":{"rendered":"Tom\u00e1\u0161 Stan\u011bk se p\u0159edvedl na Hv\u011bzdn\u00e9 h\u00e1zen\u00ed"},"content":{"rendered":"<h1>Tom\u00e1\u0161 Stan\u011bk se p\u0159edvedl na Hv\u011bzdn\u00e9 h\u00e1zen\u00ed<\/h1>\n<p><img loading=\"lazy\" decoding=\"async\" class=\"alignnone size-medium wp-image-3803\" src=\"http:\/\/pkas.cz\/wp-content\/uploads\/2023\/08\/stanekdoamzlice2023-200x300.jpg\" alt=\"\" width=\"200\" height=\"300\" srcset=\"http:\/\/pkas.cz\/wp-content\/uploads\/2023\/08\/stanekdoamzlice2023-200x300.jpg 200w, http:\/\/pkas.cz\/wp-content\/uploads\/2023\/08\/stanekdoamzlice2023.jpg 600w\" sizes=\"(max-width: 200px) 100vw, 200px\" \/> <img loading=\"lazy\" decoding=\"async\" class=\"alignnone size-medium wp-image-3804\" src=\"http:\/\/pkas.cz\/wp-content\/uploads\/2023\/08\/osterpflorian2023-300x200.jpg\" alt=\"\" width=\"300\" height=\"200\" srcset=\"http:\/\/pkas.cz\/wp-content\/uploads\/2023\/08\/osterpflorian2023-300x200.jpg 300w, http:\/\/pkas.cz\/wp-content\/uploads\/2023\/08\/osterpflorian2023-768x512.jpg 768w, http:\/\/pkas.cz\/wp-content\/uploads\/2023\/08\/osterpflorian2023-391x260.jpg 391w, http:\/\/pkas.cz\/wp-content\/uploads\/2023\/08\/osterpflorian2023.jpg 900w\" sizes=\"(max-width: 300px) 100vw, 300px\" \/><\/p>\n<p>Fotozdroj Facebook M\u00edla\u0159i Doma\u017elice<\/p>\n<p>V Doma\u017elic\u00edch se v ned\u011bli 13.8. konal tradi\u010dn\u00ed m\u00edtink Hv\u011bzdn\u00e9 h\u00e1zen\u00ed na Chodsku po\u0159\u00e1dan\u00fd odd\u00edlem M\u00edla\u0159i Doma\u017elice. Svoji formu p\u0159ed bl\u00ed\u017e\u00edc\u00edm se MIstrovstv\u00ed sv\u011bta zde p\u0159edvedl koula\u0159 Tom\u00e1\u0161 Stan\u011bk, kter\u00fd vrhl 21,77m.<\/p>\n<p>Sv\u00e9 osobn\u00ed rekordy na kvalitn\u00edch t\u0159\u00edstovk\u00e1ch zde vylep\u0161ili i dal\u0161\u00ed reprezentanti <strong>Mat\u011bj Krsek<\/strong> 32,89s a <strong>Tereza Petr\u017e\u00edlkov\u00e1 &#8211; <\/strong>36,79s.<\/p>\n<p>1000m vyhr\u00e1l <strong>Filip Sas\u00ednek<\/strong> za kvalitn\u00ed v\u00fdkon 2:19,67.<\/p>\n<p>&nbsp;<\/p>\n<p>Dal\u0161\u00ed V\u00ddSLEDKY\u00a0 v servisu <a href=\"https:\/\/online.atletika.cz\/vysledky\/69840\">ZDE<\/a><\/p>\n<p>&nbsp;<\/p>\n","protected":false},"excerpt":{"rendered":"<p>Tom\u00e1\u0161 Stan\u011bk se p\u0159edvedl na Hv\u011bzdn\u00e9 h\u00e1zen\u00ed Fotozdroj Facebook M\u00edla\u0159i Doma\u017elice V Doma\u017elic\u00edch se v ned\u011bli 13.8. konal tradi\u010dn\u00ed m\u00edtink Hv\u011bzdn\u00e9 h\u00e1zen\u00ed na Chodsku po\u0159\u00e1dan\u00fd&hellip;<\/p>\n","protected":false},"author":2,"featured_media":3804,"comment_status":"closed","ping_status":"closed","sticky":false,"template":"","format":"standard","meta":{"footnotes":""},"categories":[1],"tags":[],"jetpack_sharing_enabled":true,"jetpack_featured_media_url":"http:\/\/pkas.cz\/wp-content\/uploads\/2023\/08\/osterpflorian2023.jpg","_links":{"self":[{"href":"http:\/\/pkas.cz\/index.php?rest_route=\/wp\/v2\/posts\/3802"}],"collection":[{"href":"http:\/\/pkas.cz\/index.php?rest_route=\/wp\/v2\/posts"}],"about":[{"href":"http:\/\/pkas.cz\/index.php?rest_route=\/wp\/v2\/types\/post"}],"author":[{"embeddable":true,"href":"http:\/\/pkas.cz\/index.php?rest_route=\/wp\/v2\/users\/2"}],"replies":[{"embeddable":true,"href":"http:\/\/pkas.cz\/index.php?rest_route=%2Fwp%2Fv2%2Fcomments&post=3802"}],"version-history":[{"count":1,"href":"http:\/\/pkas.cz\/index.php?rest_route=\/wp\/v2\/posts\/3802\/revisions"}],"predecessor-version":[{"id":3805,"href":"http:\/\/pkas.cz\/index.php?rest_route=\/wp\/v2\/posts\/3802\/revisions\/3805"}],"wp:featuredmedia":[{"embeddable":true,"href":"http:\/\/pkas.cz\/index.php?rest_route=\/wp\/v2\/media\/3804"}],"wp:attachment":[{"href":"http:\/\/pkas.cz\/index.php?rest_route=%2Fwp%2Fv2%2Fmedia&parent=3802"}],"wp:term":[{"taxonomy":"category","embeddable":true,"href":"http:\/\/pkas.cz\/index.php?rest_route=%2Fwp%2Fv2%2Fcategories&post=3802"},{"taxonomy":"post_tag","embeddable":true,"href":"http:\/\/pkas.cz\/index.php?rest_route=%2Fwp%2Fv2%2Ftags&post=3802"}],"curies":[{"name":"wp","href":"https:\/\/api.w.org\/{rel}","templated":true}]}}