{"id":3787,"date":"2023-08-06T22:33:04","date_gmt":"2023-08-06T20:33:04","guid":{"rendered":"http:\/\/pkas.cz\/?p=3787"},"modified":"2023-08-06T22:36:11","modified_gmt":"2023-08-06T20:36:11","slug":"svetova-univerziada-tesne-pod-stupni-vitezu-tereza-hrochova-4-michal-forejt-paty","status":"publish","type":"post","link":"http:\/\/pkas.cz\/?p=3787","title":{"rendered":"Sv\u011btov\u00e1 univerzi\u00e1da: T\u011bsn\u011b pod stupni v\u00edt\u011bz\u016f Tereza Hrochov\u00e1 4., Michal Forejt p\u00e1t\u00fd"},"content":{"rendered":"<h1>Sv\u011btov\u00e1 univerzi\u00e1da: T\u011bsn\u011b pod stupni v\u00edt\u011bz\u016f Tereza Hrochov\u00e1 4., Michal<\/h1>\n<h1>Forejt p\u00e1t\u00fd<\/h1>\n<p><img loading=\"lazy\" decoding=\"async\" class=\"size-medium wp-image-3791 alignleft\" src=\"http:\/\/pkas.cz\/wp-content\/uploads\/2023\/08\/michal-forejt-v-univerziada-300x300.jpg\" alt=\"\" width=\"300\" height=\"300\" srcset=\"http:\/\/pkas.cz\/wp-content\/uploads\/2023\/08\/michal-forejt-v-univerziada-300x300.jpg 300w, http:\/\/pkas.cz\/wp-content\/uploads\/2023\/08\/michal-forejt-v-univerziada-150x150.jpg 150w, http:\/\/pkas.cz\/wp-content\/uploads\/2023\/08\/michal-forejt-v-univerziada-768x768.jpg 768w, http:\/\/pkas.cz\/wp-content\/uploads\/2023\/08\/michal-forejt-v-univerziada.jpg 816w\" sizes=\"(max-width: 300px) 100vw, 300px\" \/><\/p>\n<h1><span style=\"font-size: 16px;\"><img loading=\"lazy\" decoding=\"async\" class=\"size-medium wp-image-3793 alignleft\" src=\"http:\/\/pkas.cz\/wp-content\/uploads\/2023\/08\/skodovaci-univerziada-270x300.jpg\" alt=\"\" width=\"270\" height=\"300\" srcset=\"http:\/\/pkas.cz\/wp-content\/uploads\/2023\/08\/skodovaci-univerziada-270x300.jpg 270w, http:\/\/pkas.cz\/wp-content\/uploads\/2023\/08\/skodovaci-univerziada-768x854.jpg 768w, http:\/\/pkas.cz\/wp-content\/uploads\/2023\/08\/skodovaci-univerziada.jpg 843w\" sizes=\"(max-width: 270px) 100vw, 270px\" \/><\/span><\/h1>\n<p><span style=\"font-size: 16px;\">\u00a0<\/span><img loading=\"lazy\" decoding=\"async\" class=\"size-medium wp-image-3797 alignleft\" src=\"http:\/\/pkas.cz\/wp-content\/uploads\/2023\/08\/HROCHOVA-4-240x300.jpg\" alt=\"\" width=\"240\" height=\"300\" srcset=\"http:\/\/pkas.cz\/wp-content\/uploads\/2023\/08\/HROCHOVA-4-240x300.jpg 240w, http:\/\/pkas.cz\/wp-content\/uploads\/2023\/08\/HROCHOVA-4.jpg 768w\" sizes=\"(max-width: 240px) 100vw, 240px\" \/><\/p>\n<p>&nbsp;<\/p>\n<p>&nbsp;<\/p>\n<p>&nbsp;<\/p>\n<p>&nbsp;<\/p>\n<p>&nbsp;<\/p>\n<p>&nbsp;<\/p>\n<p>&nbsp;<\/p>\n<p>ilustra\u010dn\u00ed foto Chorzow 2023, facebook AK \u0160KODA Plze\u0148<\/p>\n<p><strong>\u00a0Tereza Hrochov\u00e1<\/strong> dokon\u010dila z\u00e1vod na \u010dtvrt\u00e9m m\u00edst\u011b v \u010dase 1:14:48, co\u017e bylo dvacet vte\u0159in za bronzovou Turkyn\u00ed Fatmou Karasu. Zv\u00edt\u011bzila Japonka Hikaru Kitagawa za 1:13:17 p\u0159ed dal\u0161\u00ed Turkyn\u00ed Yaylou Kilic Gonen (1:13:31).<\/p>\n<p>Diska\u0159\u016fm odpadla kvalifikace, a tak m\u011bli rovnou \u010dtrn\u00e1cti \u010dlenn\u00e9 fin\u00e1le.\u00a0<strong>Michal Forejt<\/strong>\u00a0v\u00a0n\u011bm p\u0159edvedl vyrovnanou s\u00e9rii, kdy\u017e se v\u0161echny \u010dty\u0159i jeho m\u011b\u0159en\u00e9 pokusy ve\u0161ly v\u00a0podstat\u011b do jednoho metru. Ten nejdel\u0161\u00ed byl ze z\u00e1v\u011bre\u010dn\u00e9 s\u00e9rie a m\u011b\u0159il 58.84, co\u017e sta\u010dilo v\u00a0celkov\u00e9m hodnocen\u00ed na p\u00e1t\u00e9 m\u00edsto. Na bronz bylo t\u0159eba hodit 61.33. Pr\u00e1v\u011b tolik sta\u010dilo Oussamovi Khennoussimu k\u00a0zisku tohoto cenn\u00e9ho kovu. Zv\u00edt\u011bzil Pol\u00e1k Oskar Stachnik za 63.00. St\u0159\u00edbro putuje na Jamajku z\u00e1sluhou Kaie Noela Changa (61.82).<\/p>\n<p>\u010derp\u00e1no z atletika.cz<\/p>\n<p><a href=\"https:\/\/results.2021chengdu.com\/?lang=en\/#\/sports\/summary?discipline=ATH&amp;module=summary&amp;event=ATHMDECATH------------&amp;unit=\">V\u00ddSLEDKY Z UNIVERZI\u00c1DY<\/a><\/p>\n","protected":false},"excerpt":{"rendered":"<p>Sv\u011btov\u00e1 univerzi\u00e1da: T\u011bsn\u011b pod stupni v\u00edt\u011bz\u016f Tereza Hrochov\u00e1 4., Michal Forejt p\u00e1t\u00fd \u00a0 &nbsp; &nbsp; &nbsp; &nbsp; &nbsp; &nbsp; &nbsp; ilustra\u010dn\u00ed foto Chorzow 2023, facebook&hellip;<\/p>\n","protected":false},"author":2,"featured_media":3791,"comment_status":"closed","ping_status":"closed","sticky":false,"template":"","format":"standard","meta":{"footnotes":""},"categories":[1],"tags":[],"jetpack_sharing_enabled":true,"jetpack_featured_media_url":"http:\/\/pkas.cz\/wp-content\/uploads\/2023\/08\/michal-forejt-v-univerziada.jpg","_links":{"self":[{"href":"http:\/\/pkas.cz\/index.php?rest_route=\/wp\/v2\/posts\/3787"}],"collection":[{"href":"http:\/\/pkas.cz\/index.php?rest_route=\/wp\/v2\/posts"}],"about":[{"href":"http:\/\/pkas.cz\/index.php?rest_route=\/wp\/v2\/types\/post"}],"author":[{"embeddable":true,"href":"http:\/\/pkas.cz\/index.php?rest_route=\/wp\/v2\/users\/2"}],"replies":[{"embeddable":true,"href":"http:\/\/pkas.cz\/index.php?rest_route=%2Fwp%2Fv2%2Fcomments&post=3787"}],"version-history":[{"count":6,"href":"http:\/\/pkas.cz\/index.php?rest_route=\/wp\/v2\/posts\/3787\/revisions"}],"predecessor-version":[{"id":3800,"href":"http:\/\/pkas.cz\/index.php?rest_route=\/wp\/v2\/posts\/3787\/revisions\/3800"}],"wp:featuredmedia":[{"embeddable":true,"href":"http:\/\/pkas.cz\/index.php?rest_route=\/wp\/v2\/media\/3791"}],"wp:attachment":[{"href":"http:\/\/pkas.cz\/index.php?rest_route=%2Fwp%2Fv2%2Fmedia&parent=3787"}],"wp:term":[{"taxonomy":"category","embeddable":true,"href":"http:\/\/pkas.cz\/index.php?rest_route=%2Fwp%2Fv2%2Fcategories&post=3787"},{"taxonomy":"post_tag","embeddable":true,"href":"http:\/\/pkas.cz\/index.php?rest_route=%2Fwp%2Fv2%2Ftags&post=3787"}],"curies":[{"name":"wp","href":"https:\/\/api.w.org\/{rel}","templated":true}]}}