{"id":3754,"date":"2023-08-01T06:27:15","date_gmt":"2023-08-01T04:27:15","guid":{"rendered":"http:\/\/pkas.cz\/?p=3754"},"modified":"2023-08-04T07:33:00","modified_gmt":"2023-08-04T05:33:00","slug":"evropsky-festival-mladeze-medaile-pro-viktorii-janskou-ve-stafete","status":"publish","type":"post","link":"http:\/\/pkas.cz\/?p=3754","title":{"rendered":"Evropsk\u00fd festival ml\u00e1de\u017ee: Medaile pro Viktorii J\u00e1nskou ve  \u0161tafet\u011b"},"content":{"rendered":"<h1>Evropsk\u00fd festival ml\u00e1de\u017ee: Medaile pro Viktorii\u00a0J\u00e1nskou ve \u0161tafet\u011b<\/h1>\n<h1><img loading=\"lazy\" decoding=\"async\" class=\"alignnone size-medium wp-image-3758\" src=\"http:\/\/pkas.cz\/wp-content\/uploads\/2023\/07\/Viktoria-300x300.jpg\" alt=\"\" width=\"300\" height=\"300\" srcset=\"http:\/\/pkas.cz\/wp-content\/uploads\/2023\/07\/Viktoria-300x300.jpg 300w, http:\/\/pkas.cz\/wp-content\/uploads\/2023\/07\/Viktoria-150x150.jpg 150w, http:\/\/pkas.cz\/wp-content\/uploads\/2023\/07\/Viktoria-768x768.jpg 768w, http:\/\/pkas.cz\/wp-content\/uploads\/2023\/07\/Viktoria.jpg 843w\" sizes=\"(max-width: 300px) 100vw, 300px\" \/><img loading=\"lazy\" decoding=\"async\" class=\"alignnone size-medium wp-image-3781\" src=\"http:\/\/pkas.cz\/wp-content\/uploads\/2023\/08\/eyof1-300x300.jpg\" alt=\"\" width=\"300\" height=\"300\" srcset=\"http:\/\/pkas.cz\/wp-content\/uploads\/2023\/08\/eyof1-300x300.jpg 300w, http:\/\/pkas.cz\/wp-content\/uploads\/2023\/08\/eyof1-150x150.jpg 150w, http:\/\/pkas.cz\/wp-content\/uploads\/2023\/08\/eyof1-768x768.jpg 768w, http:\/\/pkas.cz\/wp-content\/uploads\/2023\/08\/eyof1.jpg 960w\" sizes=\"(max-width: 300px) 100vw, 300px\" \/><\/h1>\n<p>zdroj fotografie atletika.cz, facebook AK \u0160KODA Plze\u0148<\/p>\n<p>Ve slovinsk\u00e9m Mariboru prob\u00edhal Evropsk\u00fd olympijsk\u00fd festival ml\u00e1de\u017ee, jeho\u017e sou\u010d\u00e1st\u00ed byla i atletika. <strong>Viktorii J\u00e1nsk\u00e9 <\/strong>se poda\u0159ilo vybojovat se \u0161tafetou na 100m-200m -300m &#8211; 400m. Bronz si odv\u00e1\u017e\u00ed za v\u00fdkon 2:07,16. Viki utekla medaile v d\u00e1lce, kde obsadila 5. m\u00edsto za v\u00fdkon 597 cm.<\/p>\n<p>Medailov\u00e9 ambice m\u011bla i klatovsk\u00e1 <strong>Karol\u00edna Machov\u00e1<\/strong>, kter\u00e1 nakonec za hod 16,05m brala m\u00edsto, Na bronz j\u00ed sch\u00e1zelo pouh\u00fdch 17 cm.<\/p>\n<p>VE fin\u00e1le se p\u0159edstavili koula\u0159 <strong>Franti\u0161ek Jab\u016frek<\/strong>, kter\u00fd p\u0159edvedl v\u00fdkon 17,08m a obsadil 11. m\u00edsto.<\/p>\n<p><a href=\"https:\/\/eyof-maribor.com\/en\/schedule-and-results\/\">Kompletn\u00ed V\u00ddSLEDKY<\/a><\/p>\n<p>&nbsp;<\/p>\n","protected":false},"excerpt":{"rendered":"<p>Evropsk\u00fd festival ml\u00e1de\u017ee: Medaile pro Viktorii\u00a0J\u00e1nskou ve \u0161tafet\u011b zdroj fotografie atletika.cz, facebook AK \u0160KODA Plze\u0148 Ve slovinsk\u00e9m Mariboru prob\u00edhal Evropsk\u00fd olympijsk\u00fd festival ml\u00e1de\u017ee, jeho\u017e sou\u010d\u00e1st\u00ed&hellip;<\/p>\n","protected":false},"author":2,"featured_media":3758,"comment_status":"closed","ping_status":"closed","sticky":false,"template":"","format":"standard","meta":{"footnotes":""},"categories":[1],"tags":[],"jetpack_sharing_enabled":true,"jetpack_featured_media_url":"http:\/\/pkas.cz\/wp-content\/uploads\/2023\/07\/Viktoria.jpg","_links":{"self":[{"href":"http:\/\/pkas.cz\/index.php?rest_route=\/wp\/v2\/posts\/3754"}],"collection":[{"href":"http:\/\/pkas.cz\/index.php?rest_route=\/wp\/v2\/posts"}],"about":[{"href":"http:\/\/pkas.cz\/index.php?rest_route=\/wp\/v2\/types\/post"}],"author":[{"embeddable":true,"href":"http:\/\/pkas.cz\/index.php?rest_route=\/wp\/v2\/users\/2"}],"replies":[{"embeddable":true,"href":"http:\/\/pkas.cz\/index.php?rest_route=%2Fwp%2Fv2%2Fcomments&post=3754"}],"version-history":[{"count":3,"href":"http:\/\/pkas.cz\/index.php?rest_route=\/wp\/v2\/posts\/3754\/revisions"}],"predecessor-version":[{"id":3782,"href":"http:\/\/pkas.cz\/index.php?rest_route=\/wp\/v2\/posts\/3754\/revisions\/3782"}],"wp:featuredmedia":[{"embeddable":true,"href":"http:\/\/pkas.cz\/index.php?rest_route=\/wp\/v2\/media\/3758"}],"wp:attachment":[{"href":"http:\/\/pkas.cz\/index.php?rest_route=%2Fwp%2Fv2%2Fmedia&parent=3754"}],"wp:term":[{"taxonomy":"category","embeddable":true,"href":"http:\/\/pkas.cz\/index.php?rest_route=%2Fwp%2Fv2%2Fcategories&post=3754"},{"taxonomy":"post_tag","embeddable":true,"href":"http:\/\/pkas.cz\/index.php?rest_route=%2Fwp%2Fv2%2Ftags&post=3754"}],"curies":[{"name":"wp","href":"https:\/\/api.w.org\/{rel}","templated":true}]}}