{"id":3741,"date":"2023-07-17T13:27:17","date_gmt":"2023-07-17T11:27:17","guid":{"rendered":"http:\/\/pkas.cz\/?p=3741"},"modified":"2023-08-04T07:48:11","modified_gmt":"2023-08-04T05:48:11","slug":"me-u-22-finalove-ucasti-zapadocechu","status":"publish","type":"post","link":"http:\/\/pkas.cz\/?p=3741","title":{"rendered":"ME U 22: Fin\u00e1lov\u00e9 \u00fa\u010dasti Z\u00e1pado\u010dech\u016f"},"content":{"rendered":"<h1>ME U 22: Fin\u00e1lov\u00e9 \u00fa\u010dasti Z\u00e1pado\u010dech\u016f<\/h1>\n<p><img loading=\"lazy\" decoding=\"async\" class=\"alignnone size-medium wp-image-3742\" src=\"http:\/\/pkas.cz\/wp-content\/uploads\/2023\/07\/EspooU23-300x221.png\" alt=\"\" width=\"300\" height=\"221\" srcset=\"http:\/\/pkas.cz\/wp-content\/uploads\/2023\/07\/EspooU23-300x221.png 300w, http:\/\/pkas.cz\/wp-content\/uploads\/2023\/07\/EspooU23.png 500w\" sizes=\"(max-width: 300px) 100vw, 300px\" \/><\/p>\n<p>Finsk\u00e9 Espoo hostilo Evropsk\u00fd \u0161ampion\u00e1t atlet\u016f do 23 let a p\u0159edstavila se v n\u011bm hned \u010dtv\u0159ice reprezentant\u016f startuj\u00edc\u00ed pod hlavi\u010dkou na\u0161ich klub\u016f.<\/p>\n<p>Zlato obhajoval\u00a0\u00a0<strong>Jan \u0160tefela <\/strong>ve v\u00fd\u0161ce, kter\u00fd se dostal nakonec na 215 cm a bylo z toho kone\u010dn\u00e9 5. m\u00edsto.<\/p>\n<p>Chodec\u00a0<strong>Jarom\u00edr Mor\u00e1vek<\/strong> si vylep\u0161il na 20 km ch\u016fze osobn\u00ed rekord na <strong>1:25:33 <\/strong>a obsadil v\u00fdborn\u00e9 7. m\u00edsto<\/p>\n<p>Pro sedm\u00e9 m\u00edsto si dosko\u010dila v trojskoku i<strong> Linda Such\u00e1.<\/strong> Jej\u00ed nejlep\u0161\u00ed fin\u00e1lov\u00fd v\u00fdkon m\u011b\u0159il 13.29.<\/p>\n<p><strong>Jakub David\u00edk<\/strong> si bohu\u017eel pro\u017eil smoln\u00fd fin\u00e1lov\u00fd z\u00e1vod, z kone\u010dn\u00e9 osm\u00e9 p\u0159\u00ed\u010dky byl diskvalifikov\u00e1n za vy\u0161l\u00e1pnut\u00ed z dr\u00e1hy.<\/p>\n<p>Bohu\u017eel sv\u016fj den v kvalifikaci o\u0161t\u011bpu nem\u011bla <strong>Petra Si\u010dakov\u00e1<\/strong>, kter\u00fd nejdel\u0161\u00edm hodem zaznamenala 50,20m a obsadila kone\u010dnou 15. pozici.<\/p>\n<p>Ve \u0161tafet\u011b na 4x400m se je\u0161t\u011b p\u0159edstavila <strong>Lucie Zavadilov\u00e1,<\/strong> kter\u00e1 na \u010dtvrt\u00e9m \u00faseku fini\u0161ovala v \u010dase 2:42.74, co\u017e sta\u010dilo na 12. pozici.<\/p>\n<p>T\u0159i um\u00edst\u011bn\u00ed ve fin\u00e1lov\u00e9 osmi\u010dce lze hodnotiti ur\u010dit\u011b jako pozitivn\u00ed pro na\u0161e reprezntanty a v\u0161ichni douf\u00e1me, \u017ee se jim povede dostat v budoucnu i na n\u011bjakou velkou akci sv\u011btov\u00e9ho v\u00fdznamu typu mistrovstv\u00ed sv\u011bta \u010di olympijsk\u00e9 hry.<\/p>\n<p><a href=\"https:\/\/www.atletika.cz\/zaostreno-na\/me-u23-espoo2\/vysledky-ceskych-atletu\/\">DAL\u0160\u00cd V\u00ddSLEDKY NA\u0160ICH ATLET\u016e,<\/a><\/p>\n<p>\u010dl\u00e1nek k ME na idnes.cz <a href=\"https:\/\/www.idnes.cz\/sport\/atletika\/stefela-sucha-moravek-atletika-me-do-23-let-espoo.A230719_737312_atletika_jrv?\">ZDE<\/a><\/p>\n<p>&nbsp;<\/p>\n","protected":false},"excerpt":{"rendered":"<p>ME U 22: Fin\u00e1lov\u00e9 \u00fa\u010dasti Z\u00e1pado\u010dech\u016f Finsk\u00e9 Espoo hostilo Evropsk\u00fd \u0161ampion\u00e1t atlet\u016f do 23 let a p\u0159edstavila se v n\u011bm hned \u010dtv\u0159ice reprezentant\u016f startuj\u00edc\u00ed pod&hellip;<\/p>\n","protected":false},"author":2,"featured_media":3742,"comment_status":"closed","ping_status":"closed","sticky":false,"template":"","format":"standard","meta":{"footnotes":""},"categories":[1],"tags":[],"jetpack_sharing_enabled":true,"jetpack_featured_media_url":"http:\/\/pkas.cz\/wp-content\/uploads\/2023\/07\/EspooU23.png","_links":{"self":[{"href":"http:\/\/pkas.cz\/index.php?rest_route=\/wp\/v2\/posts\/3741"}],"collection":[{"href":"http:\/\/pkas.cz\/index.php?rest_route=\/wp\/v2\/posts"}],"about":[{"href":"http:\/\/pkas.cz\/index.php?rest_route=\/wp\/v2\/types\/post"}],"author":[{"embeddable":true,"href":"http:\/\/pkas.cz\/index.php?rest_route=\/wp\/v2\/users\/2"}],"replies":[{"embeddable":true,"href":"http:\/\/pkas.cz\/index.php?rest_route=%2Fwp%2Fv2%2Fcomments&post=3741"}],"version-history":[{"count":6,"href":"http:\/\/pkas.cz\/index.php?rest_route=\/wp\/v2\/posts\/3741\/revisions"}],"predecessor-version":[{"id":3795,"href":"http:\/\/pkas.cz\/index.php?rest_route=\/wp\/v2\/posts\/3741\/revisions\/3795"}],"wp:featuredmedia":[{"embeddable":true,"href":"http:\/\/pkas.cz\/index.php?rest_route=\/wp\/v2\/media\/3742"}],"wp:attachment":[{"href":"http:\/\/pkas.cz\/index.php?rest_route=%2Fwp%2Fv2%2Fmedia&parent=3741"}],"wp:term":[{"taxonomy":"category","embeddable":true,"href":"http:\/\/pkas.cz\/index.php?rest_route=%2Fwp%2Fv2%2Fcategories&post=3741"},{"taxonomy":"post_tag","embeddable":true,"href":"http:\/\/pkas.cz\/index.php?rest_route=%2Fwp%2Fv2%2Ftags&post=3741"}],"curies":[{"name":"wp","href":"https:\/\/api.w.org\/{rel}","templated":true}]}}