{"id":3738,"date":"2023-07-14T06:29:07","date_gmt":"2023-07-14T04:29:07","guid":{"rendered":"http:\/\/pkas.cz\/?p=3738"},"modified":"2023-08-04T07:39:43","modified_gmt":"2023-08-04T05:39:43","slug":"aktualizovany-seznam-clenu-atleticke-akademie-v-plzenskem-kraji","status":"publish","type":"post","link":"http:\/\/pkas.cz\/?p=3738","title":{"rendered":"Aktualizovan\u00fd seznam \u010dlen\u016f Atletick\u00e9 akademie v Plze\u0148sk\u00e9m kraji a dal\u0161\u00ed informace"},"content":{"rendered":"<h1>Aktualizovan\u00fd seznam \u010dlen\u016f Atletick\u00e9 akademie v Plze\u0148sk\u00e9m kraji a dal\u0161\u00ed<\/h1>\n<h1>informace<\/h1>\n<figure id=\"attachment_717\" aria-describedby=\"caption-attachment-717\" style=\"width: 300px\" class=\"wp-caption alignnone\"><img loading=\"lazy\" decoding=\"async\" class=\"size-medium wp-image-717\" src=\"http:\/\/pkas.cz\/wp-content\/uploads\/2020\/01\/PKAS_logo-pr\u016fhledn\u00fd-e1663571776431-300x225.png\" alt=\"logo_new\" width=\"300\" height=\"225\" \/><figcaption id=\"caption-attachment-717\" class=\"wp-caption-text\">Nov\u00e9 logo PKAS<\/figcaption><\/figure>\n<p>P\u0159in\u00e1\u0161\u00edme aktualizovan\u00fd seznam \u010dlen\u016f Atletick\u00e9 akademie k 1.7. 2023<\/p>\n<p>Seznam ke sta\u017een\u00ed <a href=\"http:\/\/pkas.cz\/wp-content\/uploads\/2023\/07\/AA-2023-do-22let-dozarazeni.xls\">ZDE<\/a><\/p>\n<p>Krit\u00e9ria za\u0159azen\u00ed AA a SCM &#8211; <a href=\"http:\/\/pkas.cz\/wp-content\/uploads\/2023\/07\/Kriteria-zarazeni-do-AA2023.pdf\">ZDE<\/a><\/p>\n<p>Seznam tren\u00e9r\u016f AA &#8211; <a href=\"http:\/\/pkas.cz\/wp-content\/uploads\/2023\/07\/AA-treneri-2023.xlsx\">ZDE<\/a><\/p>\n<p>Kontroln\u00ed komise &#8211; <a href=\"http:\/\/pkas.cz\/wp-content\/uploads\/2023\/07\/Kontrolni-komise-AA-1.pdf\">ZDE<\/a><\/p>\n","protected":false},"excerpt":{"rendered":"<p>Aktualizovan\u00fd seznam \u010dlen\u016f Atletick\u00e9 akademie v Plze\u0148sk\u00e9m kraji a dal\u0161\u00ed informace P\u0159in\u00e1\u0161\u00edme aktualizovan\u00fd seznam \u010dlen\u016f Atletick\u00e9 akademie k 1.7. 2023 Seznam ke sta\u017een\u00ed ZDE Krit\u00e9ria&hellip;<\/p>\n","protected":false},"author":2,"featured_media":717,"comment_status":"closed","ping_status":"closed","sticky":false,"template":"","format":"standard","meta":{"footnotes":""},"categories":[1],"tags":[],"jetpack_sharing_enabled":true,"jetpack_featured_media_url":"http:\/\/pkas.cz\/wp-content\/uploads\/2020\/01\/PKAS_logo-pr\u016fhledn\u00fd.png","_links":{"self":[{"href":"http:\/\/pkas.cz\/index.php?rest_route=\/wp\/v2\/posts\/3738"}],"collection":[{"href":"http:\/\/pkas.cz\/index.php?rest_route=\/wp\/v2\/posts"}],"about":[{"href":"http:\/\/pkas.cz\/index.php?rest_route=\/wp\/v2\/types\/post"}],"author":[{"embeddable":true,"href":"http:\/\/pkas.cz\/index.php?rest_route=\/wp\/v2\/users\/2"}],"replies":[{"embeddable":true,"href":"http:\/\/pkas.cz\/index.php?rest_route=%2Fwp%2Fv2%2Fcomments&post=3738"}],"version-history":[{"count":5,"href":"http:\/\/pkas.cz\/index.php?rest_route=\/wp\/v2\/posts\/3738\/revisions"}],"predecessor-version":[{"id":3786,"href":"http:\/\/pkas.cz\/index.php?rest_route=\/wp\/v2\/posts\/3738\/revisions\/3786"}],"wp:featuredmedia":[{"embeddable":true,"href":"http:\/\/pkas.cz\/index.php?rest_route=\/wp\/v2\/media\/717"}],"wp:attachment":[{"href":"http:\/\/pkas.cz\/index.php?rest_route=%2Fwp%2Fv2%2Fmedia&parent=3738"}],"wp:term":[{"taxonomy":"category","embeddable":true,"href":"http:\/\/pkas.cz\/index.php?rest_route=%2Fwp%2Fv2%2Fcategories&post=3738"},{"taxonomy":"post_tag","embeddable":true,"href":"http:\/\/pkas.cz\/index.php?rest_route=%2Fwp%2Fv2%2Ftags&post=3738"}],"curies":[{"name":"wp","href":"https:\/\/api.w.org\/{rel}","templated":true}]}}