{"id":3729,"date":"2023-07-03T22:27:06","date_gmt":"2023-07-03T20:27:06","guid":{"rendered":"http:\/\/pkas.cz\/?p=3729"},"modified":"2023-07-03T22:29:19","modified_gmt":"2023-07-03T20:29:19","slug":"ostrava-zlata-tretra-a-mistrovstvi-cr-u-22","status":"publish","type":"post","link":"http:\/\/pkas.cz\/?p=3729","title":{"rendered":"Ostrava: Zlat\u00e1 tretra a Mistrovstv\u00ed \u010cR U 22"},"content":{"rendered":"<h1>Ostrava: Zlat\u00e1 tretra a Mistrovstv\u00ed \u010cR U 22<\/h1>\n<p><img loading=\"lazy\" decoding=\"async\" class=\"alignnone size-medium wp-image-3731\" src=\"http:\/\/pkas.cz\/wp-content\/uploads\/2023\/07\/sicakova-300x300.jpg\" alt=\"\" width=\"300\" height=\"300\" srcset=\"http:\/\/pkas.cz\/wp-content\/uploads\/2023\/07\/sicakova-300x300.jpg 300w, http:\/\/pkas.cz\/wp-content\/uploads\/2023\/07\/sicakova-1024x1024.jpg 1024w, http:\/\/pkas.cz\/wp-content\/uploads\/2023\/07\/sicakova-150x150.jpg 150w, http:\/\/pkas.cz\/wp-content\/uploads\/2023\/07\/sicakova-768x768.jpg 768w, http:\/\/pkas.cz\/wp-content\/uploads\/2023\/07\/sicakova.jpg 1440w\" sizes=\"(max-width: 300px) 100vw, 300px\" \/><\/p>\n<h1><img loading=\"lazy\" decoding=\"async\" class=\"size-medium wp-image-3733 alignnone\" src=\"http:\/\/pkas.cz\/wp-content\/uploads\/2023\/07\/medaile-dalka-300x300.jpg\" alt=\"\" width=\"300\" height=\"300\" srcset=\"http:\/\/pkas.cz\/wp-content\/uploads\/2023\/07\/medaile-dalka-300x300.jpg 300w, http:\/\/pkas.cz\/wp-content\/uploads\/2023\/07\/medaile-dalka-1024x1024.jpg 1024w, http:\/\/pkas.cz\/wp-content\/uploads\/2023\/07\/medaile-dalka-150x150.jpg 150w, http:\/\/pkas.cz\/wp-content\/uploads\/2023\/07\/medaile-dalka-768x768.jpg 768w, http:\/\/pkas.cz\/wp-content\/uploads\/2023\/07\/medaile-dalka.jpg 1440w\" sizes=\"(max-width: 300px) 100vw, 300px\" \/><\/h1>\n<p>Petra Si\u010dakov\u00e1 v akci a trio d\u00e1lka\u0159ek<\/p>\n<p>B\u011bhem n\u011bkolika dn\u016f hostil n\u00e1\u0161 nejv\u011bt\u0161\u00ed atletick\u00fd st\u00e1nek hned dv\u011b v\u00fdznamn\u00e9 akce. Na stadionu ve V\u00edtkovic\u00edch se v \u00fater\u00fd 27.6. konala Zlatou tretru.<\/p>\n<p>V\u00fdsledky Zlat\u00e9 tretry <a href=\"https:\/\/online.atletika.cz\/vysledky\/65807\">ZDE<\/a><\/p>\n<p>N\u00e1sledn\u011b o v\u00edkendu 1. a 2. \u010dervence pokra\u010doval program M\u010cR do 22 let. Pro z\u00e1vodn\u00edky to bylo posledn\u00ed mo\u017en\u00e9 krit\u00e9rium, kde mohli splnit limity na ME v t\u00e9to v\u011bkov\u00e9 kategorii, kter\u00e9 se uskute\u010dn\u00ed v polovin\u011b \u010dervence ve finsk\u00e9m Espou.<\/p>\n<p>Bl\u00fdskla se <strong>Petra Si\u010dakov\u00e1<\/strong>, kter\u00e1 hodila poprv\u00e9 o\u0161t\u011bp za 60m a v\u00fdkonem 60,05m vytvo\u0159ila rekord mistrovstv\u00ed.<\/p>\n<p>Koment\u00e1\u0159 Petry <a href=\"https:\/\/youtu.be\/ScC-H159GCc\">ZDE<\/a><\/p>\n<p>Unik\u00e1tn\u00ed v\u00fdkon se poda\u0159il ve skoku dalek\u00e9m \u017een, kde AK \u0160KODA Plze\u0148 obsadila prvn\u00ed 4 pozice. V\u0161echna d\u011bv\u010data \u0161estimetrov\u00e1.<\/p>\n<p>P\u0159ehled medail\u00ed:<\/p>\n<p><strong>Zlato<\/strong><\/p>\n<p><strong>\u0161tafeta 4x100m AK \u0160KODA &#8211; \u0160efr\u00e1nkov\u00e1 E., J\u00e1nsk\u00e1 V., Such\u00e1 L., Voln\u00e1 D. <\/strong>&#8211; 46,21s<\/p>\n<p><strong>Daniela Voln\u00e1<\/strong> &#8211; skok dalek\u00fd &#8211; 619cm<\/p>\n<p><strong>Linda Such\u00e1<\/strong> &#8211; trojskok &#8211; 12,96m<\/p>\n<p><strong>Tom\u00e1\u0161 Proch\u00e1zka<\/strong> &#8211; vrh koul\u00ed &#8211; 17,25m<\/p>\n<p><strong>St\u0159\u00edbro<\/strong><\/p>\n<p><strong>Jakub Peterka<\/strong> &#8211; 100m &#8211; 10,66s<\/p>\n<p><strong>Linda Such\u00e1<\/strong> &#8211; skok dalek\u00fd &#8211; 614cm<\/p>\n<p><strong>Jan V\u00fd\u0161ka <\/strong>&#8211; hod o\u0161t\u011bpem &#8211; 68,74m<\/p>\n<p><strong>Vendula Hole\u010dkov\u00e1 <\/strong>&#8211; hod kladivem &#8211; 55,31m<\/p>\n<p><strong>\u0161tafeta 4x400m TJ Sokol Pet\u0159\u00edn &#8211; <span class=\"resultsEanLink\">Vo\u0159\u00ed\u0161kov\u00e1 A., Viktorov\u00e1 B., Reichov\u00e1 A., Sl\u00e1dkov\u00e1 V. <\/span><\/strong><span class=\"resultsEanLink\">&#8211; 3:46,64<\/span><\/p>\n<p><strong>Bronz<\/strong><\/p>\n<p><strong>Viktorie J\u00e1nsk\u00e1 <\/strong>&#8211; skok dalek\u00fd\u00a0 &#8211; 608cm<\/p>\n<p><strong>Jan \u0160tefela <\/strong>&#8211; v\u00fd\u0161ka &#8211; 207cm<\/p>\n<p><strong>Simona Kubou\u0161kov\u00e1 (DOMAZ)<\/strong>&#8211; kladivo &#8211; 54,28m<\/p>\n<p><strong>Kate\u0159ina \u0160\u0165astn\u00e1<\/strong> &#8211; hod o\u0161t\u011bpem &#8211; 49,06m<\/p>\n<p>&nbsp;<\/p>\n<p><a href=\"https:\/\/online.atletika.cz\/vysledky\/65735\/0\/2\">V\u00ddSLEDKY<\/a><\/p>\n<p>&nbsp;<\/p>\n","protected":false},"excerpt":{"rendered":"<p>Ostrava: Zlat\u00e1 tretra a Mistrovstv\u00ed \u010cR U 22 Petra Si\u010dakov\u00e1 v akci a trio d\u00e1lka\u0159ek B\u011bhem n\u011bkolika dn\u016f hostil n\u00e1\u0161 nejv\u011bt\u0161\u00ed atletick\u00fd st\u00e1nek hned dv\u011b&hellip;<\/p>\n","protected":false},"author":2,"featured_media":3731,"comment_status":"closed","ping_status":"closed","sticky":false,"template":"","format":"standard","meta":{"footnotes":""},"categories":[1],"tags":[],"jetpack_sharing_enabled":true,"jetpack_featured_media_url":"http:\/\/pkas.cz\/wp-content\/uploads\/2023\/07\/sicakova.jpg","_links":{"self":[{"href":"http:\/\/pkas.cz\/index.php?rest_route=\/wp\/v2\/posts\/3729"}],"collection":[{"href":"http:\/\/pkas.cz\/index.php?rest_route=\/wp\/v2\/posts"}],"about":[{"href":"http:\/\/pkas.cz\/index.php?rest_route=\/wp\/v2\/types\/post"}],"author":[{"embeddable":true,"href":"http:\/\/pkas.cz\/index.php?rest_route=\/wp\/v2\/users\/2"}],"replies":[{"embeddable":true,"href":"http:\/\/pkas.cz\/index.php?rest_route=%2Fwp%2Fv2%2Fcomments&post=3729"}],"version-history":[{"count":4,"href":"http:\/\/pkas.cz\/index.php?rest_route=\/wp\/v2\/posts\/3729\/revisions"}],"predecessor-version":[{"id":3735,"href":"http:\/\/pkas.cz\/index.php?rest_route=\/wp\/v2\/posts\/3729\/revisions\/3735"}],"wp:featuredmedia":[{"embeddable":true,"href":"http:\/\/pkas.cz\/index.php?rest_route=\/wp\/v2\/media\/3731"}],"wp:attachment":[{"href":"http:\/\/pkas.cz\/index.php?rest_route=%2Fwp%2Fv2%2Fmedia&parent=3729"}],"wp:term":[{"taxonomy":"category","embeddable":true,"href":"http:\/\/pkas.cz\/index.php?rest_route=%2Fwp%2Fv2%2Fcategories&post=3729"},{"taxonomy":"post_tag","embeddable":true,"href":"http:\/\/pkas.cz\/index.php?rest_route=%2Fwp%2Fv2%2Ftags&post=3729"}],"curies":[{"name":"wp","href":"https:\/\/api.w.org\/{rel}","templated":true}]}}