{"id":3721,"date":"2023-06-26T08:40:14","date_gmt":"2023-06-26T06:40:14","guid":{"rendered":"http:\/\/pkas.cz\/?p=3721"},"modified":"2023-06-27T08:25:27","modified_gmt":"2023-06-27T06:25:27","slug":"mezikrajove-utkani-tymu-z-cech-plzensky-kraj-na-5-miste","status":"publish","type":"post","link":"http:\/\/pkas.cz\/?p=3721","title":{"rendered":"Mezikrajov\u00e9 utk\u00e1n\u00ed t\u00fdm\u016f z \u010cech: Plze\u0148sk\u00fd kraj na 5. m\u00edst\u011b"},"content":{"rendered":"<h1><strong>Mezikrajov\u00e9 utk\u00e1n\u00ed t\u00fdm\u016f z \u010cech: Plze\u0148sk\u00fd kraj na 5. m\u00edst\u011b<\/strong><\/h1>\n<p><img loading=\"lazy\" decoding=\"async\" class=\"alignnone size-medium wp-image-3722\" src=\"http:\/\/pkas.cz\/wp-content\/uploads\/2023\/06\/mezikrajko-300x225.jpg\" alt=\"\" width=\"300\" height=\"225\" srcset=\"http:\/\/pkas.cz\/wp-content\/uploads\/2023\/06\/mezikrajko-300x225.jpg 300w, http:\/\/pkas.cz\/wp-content\/uploads\/2023\/06\/mezikrajko-1024x768.jpg 1024w, http:\/\/pkas.cz\/wp-content\/uploads\/2023\/06\/mezikrajko-768x576.jpg 768w, http:\/\/pkas.cz\/wp-content\/uploads\/2023\/06\/mezikrajko-1536x1152.jpg 1536w, http:\/\/pkas.cz\/wp-content\/uploads\/2023\/06\/mezikrajko.jpg 2048w\" sizes=\"(max-width: 300px) 100vw, 300px\" \/><\/p>\n<p>fotozdroj Denisa Bene\u0161ov\u00e1<\/p>\n<p>Jarn\u00ed sez\u00f3na pro \u017eactvo vyvrcholila Mezikrajov\u00fdm utk\u00e1n\u00edm t\u00fdm\u016f z \u010desk\u00e9 \u010d\u00e1sti republiky ve Star\u00e9 Boleslavi. Da\u0159ilo se chlapeck\u00e9 \u010d\u00e1sti, kter\u00e1 skon\u010dila na 2. m\u00edst\u011b. Bohu\u017eel d\u011bv\u010data v t\u00e9to konkurenci obsadila a\u017e dev\u00e1tou p\u0159\u00ed\u010dku, a tak celkov\u011b z toho bylo 5. m\u00edsto.<\/p>\n<p>P\u0159in\u00e1\u0161\u00edme i individu\u00e1ln\u00ed <a href=\"https:\/\/online.atletika.cz\/vysledky\/68552\/0\/2\">V\u00ddSLEDKY\u00a0<\/a><\/p>\n<p><a href=\"https:\/\/ppkas.rajce.idnes.cz\/Mezikrajove_utkani_2023_starsiho_zactva\/\">FOTOGALERIE Z\u00c1VODU<\/a><\/p>\n<p>&nbsp;<\/p>\n<p>&nbsp;<\/p>\n","protected":false},"excerpt":{"rendered":"<p>Mezikrajov\u00e9 utk\u00e1n\u00ed t\u00fdm\u016f z \u010cech: Plze\u0148sk\u00fd kraj na 5. m\u00edst\u011b fotozdroj Denisa Bene\u0161ov\u00e1 Jarn\u00ed sez\u00f3na pro \u017eactvo vyvrcholila Mezikrajov\u00fdm utk\u00e1n\u00edm t\u00fdm\u016f z \u010desk\u00e9 \u010d\u00e1sti republiky&hellip;<\/p>\n","protected":false},"author":2,"featured_media":3722,"comment_status":"closed","ping_status":"closed","sticky":false,"template":"","format":"standard","meta":{"footnotes":""},"categories":[1],"tags":[],"jetpack_sharing_enabled":true,"jetpack_featured_media_url":"http:\/\/pkas.cz\/wp-content\/uploads\/2023\/06\/mezikrajko.jpg","_links":{"self":[{"href":"http:\/\/pkas.cz\/index.php?rest_route=\/wp\/v2\/posts\/3721"}],"collection":[{"href":"http:\/\/pkas.cz\/index.php?rest_route=\/wp\/v2\/posts"}],"about":[{"href":"http:\/\/pkas.cz\/index.php?rest_route=\/wp\/v2\/types\/post"}],"author":[{"embeddable":true,"href":"http:\/\/pkas.cz\/index.php?rest_route=\/wp\/v2\/users\/2"}],"replies":[{"embeddable":true,"href":"http:\/\/pkas.cz\/index.php?rest_route=%2Fwp%2Fv2%2Fcomments&post=3721"}],"version-history":[{"count":2,"href":"http:\/\/pkas.cz\/index.php?rest_route=\/wp\/v2\/posts\/3721\/revisions"}],"predecessor-version":[{"id":3728,"href":"http:\/\/pkas.cz\/index.php?rest_route=\/wp\/v2\/posts\/3721\/revisions\/3728"}],"wp:featuredmedia":[{"embeddable":true,"href":"http:\/\/pkas.cz\/index.php?rest_route=\/wp\/v2\/media\/3722"}],"wp:attachment":[{"href":"http:\/\/pkas.cz\/index.php?rest_route=%2Fwp%2Fv2%2Fmedia&parent=3721"}],"wp:term":[{"taxonomy":"category","embeddable":true,"href":"http:\/\/pkas.cz\/index.php?rest_route=%2Fwp%2Fv2%2Fcategories&post=3721"},{"taxonomy":"post_tag","embeddable":true,"href":"http:\/\/pkas.cz\/index.php?rest_route=%2Fwp%2Fv2%2Ftags&post=3721"}],"curies":[{"name":"wp","href":"https:\/\/api.w.org\/{rel}","templated":true}]}}