{"id":3706,"date":"2023-06-25T08:03:39","date_gmt":"2023-06-25T06:03:39","guid":{"rendered":"http:\/\/pkas.cz\/?p=3706"},"modified":"2023-06-25T08:03:39","modified_gmt":"2023-06-25T06:03:39","slug":"mu-u-20-v-banske-bystrici","status":"publish","type":"post","link":"http:\/\/pkas.cz\/?p=3706","title":{"rendered":"MU U 20 v Bansk\u00e9 Bystrici"},"content":{"rendered":"<h1>MU U 20 v Bansk\u00e9 Bystrici<\/h1>\n<p>Na\u0161i z\u00e1stupci reprezentovali na MU U 20 na Slovensku s t\u011bmito v\u00fdkony:<\/p>\n<p><strong>Kate\u0159ina Matou\u0161kov\u00e1<\/strong> vyhr\u00e1la b\u011bh na 400m v\u00fdkonem 54,44s<img loading=\"lazy\" decoding=\"async\" class=\"size-medium wp-image-3707 alignleft\" src=\"http:\/\/pkas.cz\/wp-content\/uploads\/2023\/06\/U20-279x300.jpg\" alt=\"\" width=\"279\" height=\"300\" srcset=\"http:\/\/pkas.cz\/wp-content\/uploads\/2023\/06\/U20-279x300.jpg 279w, http:\/\/pkas.cz\/wp-content\/uploads\/2023\/06\/U20-768x824.jpg 768w, http:\/\/pkas.cz\/wp-content\/uploads\/2023\/06\/U20.jpg 843w\" sizes=\"(max-width: 279px) 100vw, 279px\" \/><\/p>\n<p><strong>Michal Haidelmeier <\/strong>skon\u010dil t\u0159et\u00ed v nov\u00e9m osobn\u00edm rekordu 51,57s<\/p>\n<p><strong>Adam Fliegel<\/strong> obsadil v kouli rovn\u011b\u017e t\u0159et\u00ed m\u00edsto za 16,93m.<\/p>\n<p>4. m\u00edsto na 800m zaznamenala <strong>Lucie Kubecov\u00e1\u00a0<\/strong>na trase 800m za v\u00fdkon 2:13,95.<\/p>\n<p><strong>Anna S\u00fdkorov\u00e1<\/strong> si zlep\u0161ila sv\u016fj osobn\u00ed rekord v hodu kladivem na 57,45m, celkov\u011b 5. m\u00edsto,\u00a0 k nominaci na ME ji d\u011bl\u00ed aktu\u00e1ln\u011b 2 metry.<\/p>\n<p>Ve stejn\u00e9m z\u00e1vod\u011b si p\u0159ipsala \u0161est\u00e9 m\u00edsto<strong> Simona Kubou\u0161kov\u00e1<\/strong> za v\u00fdkon 52,19m.<\/p>\n<p><strong>Nick Vr\u00e1nek<\/strong> si p\u0159ipsal v konkurenci kladiv\u00e1\u0159sk\u00fd velmoc\u00ed 5. m\u00edsto za 66,08m<\/p>\n<p><strong>Eli\u0161ka Dobe\u0161ov\u00e1 <\/strong>si vylep\u0161ila sv\u00e9 osobn\u00ed maximum v disku na 41,90m a obsadila tak\u00e9 5. m\u00edsto.<\/p>\n<p>5. m\u00edsto obsadila v d\u00e1lce<strong> Kate\u0159ina Salcmanov\u00e1<\/strong> v\u00fdkonem 583cm.<\/p>\n<p><strong>Magdalena Hellmayrov\u00e1 <\/strong>zaznamenala v\u00fdkon 38,61m sedm\u00e9 m\u00edsto v hodu o\u0161t\u011bpem.<\/p>\n<p><strong>Jakub Peterka<\/strong> do sv\u00e9ho startu na 100m, ani nevyb\u011bhl, kdy\u017e byl diskvalifikov\u00e1n, ve \u0161tafet\u011b na 4x100m pot\u00e9 s kolegy zab\u011bhl v\u00fdkon 41,33s, co\u017e sta\u010dilo na druh\u00e9 m\u00edsto.<\/p>\n","protected":false},"excerpt":{"rendered":"<p>MU U 20 v Bansk\u00e9 Bystrici Na\u0161i z\u00e1stupci reprezentovali na MU U 20 na Slovensku s t\u011bmito v\u00fdkony: Kate\u0159ina Matou\u0161kov\u00e1 vyhr\u00e1la b\u011bh na 400m v\u00fdkonem&hellip;<\/p>\n","protected":false},"author":2,"featured_media":3707,"comment_status":"closed","ping_status":"closed","sticky":false,"template":"","format":"standard","meta":{"footnotes":""},"categories":[1],"tags":[],"jetpack_sharing_enabled":true,"jetpack_featured_media_url":"http:\/\/pkas.cz\/wp-content\/uploads\/2023\/06\/U20.jpg","_links":{"self":[{"href":"http:\/\/pkas.cz\/index.php?rest_route=\/wp\/v2\/posts\/3706"}],"collection":[{"href":"http:\/\/pkas.cz\/index.php?rest_route=\/wp\/v2\/posts"}],"about":[{"href":"http:\/\/pkas.cz\/index.php?rest_route=\/wp\/v2\/types\/post"}],"author":[{"embeddable":true,"href":"http:\/\/pkas.cz\/index.php?rest_route=\/wp\/v2\/users\/2"}],"replies":[{"embeddable":true,"href":"http:\/\/pkas.cz\/index.php?rest_route=%2Fwp%2Fv2%2Fcomments&post=3706"}],"version-history":[{"count":1,"href":"http:\/\/pkas.cz\/index.php?rest_route=\/wp\/v2\/posts\/3706\/revisions"}],"predecessor-version":[{"id":3708,"href":"http:\/\/pkas.cz\/index.php?rest_route=\/wp\/v2\/posts\/3706\/revisions\/3708"}],"wp:featuredmedia":[{"embeddable":true,"href":"http:\/\/pkas.cz\/index.php?rest_route=\/wp\/v2\/media\/3707"}],"wp:attachment":[{"href":"http:\/\/pkas.cz\/index.php?rest_route=%2Fwp%2Fv2%2Fmedia&parent=3706"}],"wp:term":[{"taxonomy":"category","embeddable":true,"href":"http:\/\/pkas.cz\/index.php?rest_route=%2Fwp%2Fv2%2Fcategories&post=3706"},{"taxonomy":"post_tag","embeddable":true,"href":"http:\/\/pkas.cz\/index.php?rest_route=%2Fwp%2Fv2%2Ftags&post=3706"}],"curies":[{"name":"wp","href":"https:\/\/api.w.org\/{rel}","templated":true}]}}