{"id":3700,"date":"2023-06-25T07:19:15","date_gmt":"2023-06-25T05:19:15","guid":{"rendered":"http:\/\/pkas.cz\/?p=3700"},"modified":"2023-06-25T07:19:15","modified_gmt":"2023-06-25T05:19:15","slug":"omd-dospelych-a-mladsiho-zactva","status":"publish","type":"post","link":"http:\/\/pkas.cz\/?p=3700","title":{"rendered":"OMD dosp\u011bl\u00fdch a mlad\u0161\u00edho \u017eactva"},"content":{"rendered":"<h1>OMD dosp\u011bl\u00fdch a mlad\u0161\u00edho \u017eactva<\/h1>\n<p><img loading=\"lazy\" decoding=\"async\" class=\"alignnone size-medium wp-image-3704\" src=\"http:\/\/pkas.cz\/wp-content\/uploads\/2023\/06\/cheb-300x200.jpg\" alt=\"\" width=\"300\" height=\"200\" srcset=\"http:\/\/pkas.cz\/wp-content\/uploads\/2023\/06\/cheb-300x200.jpg 300w, http:\/\/pkas.cz\/wp-content\/uploads\/2023\/06\/cheb-1024x682.jpg 1024w, http:\/\/pkas.cz\/wp-content\/uploads\/2023\/06\/cheb-768x512.jpg 768w, http:\/\/pkas.cz\/wp-content\/uploads\/2023\/06\/cheb-391x260.jpg 391w, http:\/\/pkas.cz\/wp-content\/uploads\/2023\/06\/cheb-1536x1024.jpg 1536w, http:\/\/pkas.cz\/wp-content\/uploads\/2023\/06\/cheb.jpg 2000w\" sizes=\"(max-width: 300px) 100vw, 300px\" \/><\/p>\n<p>foto zdroj Atletika Chodov<\/p>\n<p>V Chebu se uskute\u010dnilo 1. kolo OMD dosp\u011bl\u00fdch. P\u0159in\u00e1\u0161\u00edme v\u00fdsledky a Zpravodaj \u0158P<\/p>\n<p><a href=\"https:\/\/online.atletika.cz\/vysledky\/68030\">V\u00ddSLEDKY<\/a><\/p>\n<p><a href=\"http:\/\/pkas.cz\/wp-content\/uploads\/2023\/06\/zpravodaj-c.-1-2023.pdf\">ZPRACODAJ \u0158P<\/a><\/p>\n<p>OMD mu\u017e\u016f a \u017een pokra\u010duje o pr\u00e1zdnin\u00e1ch 20.8.\u00a0 2 kolem v N\u00fd\u0159anech.<\/p>\n<p>&nbsp;<\/p>\n<p>Uplynul\u00fd t\u00fdden tak\u00e9 pokra\u010dovala sout\u011b\u017e mlad\u0161\u00edho \u017eactva t\u0159et\u00edmi koly. Skupina A m\u011bla sv\u016fj z\u00e1vod v Su\u0161ici a skupina B m\u011bla sv\u016fj z\u00e1vod ve St\u0159\u00edb\u0159e.<\/p>\n<p><a href=\"https:\/\/online.atletika.cz\/vysledky\/68028\">V\u00ddSLEDKY skupiny A<\/a><\/p>\n<p><a href=\"http:\/\/pkas.cz\/wp-content\/uploads\/2023\/06\/ZpravodajztretihokolaOMDmladsichzakuazakyn.pdf\">Zpravodaj \u0158P sk. A<\/a><\/p>\n<p><a href=\"https:\/\/online.atletika.cz\/vysledky\/68029\">V\u00ddSLEDKY skupiny B<\/a><\/p>\n<p><a href=\"http:\/\/pkas.cz\/wp-content\/uploads\/2023\/06\/Zpravodaj-OMD-ml.-zactvo-3.-kolo-sk.-B.doc\">Zpravodaj \u0158P sk. B<\/a><\/p>\n<p>Prvn\u00ed z\u00e1\u0159ijov\u00fd t\u00fdden jsou na programu \u010dtvrt\u00e1 kola sout\u011b\u017ee a n\u00e1sledn\u011b se v Plzni na \u0160kodovce uskute\u010dn\u00ed fin\u00e1lov\u00e9 kl\u00e1n\u00ed, kam postoup\u00ed t\u0159i nejlep\u0161\u00ed t\u00fdmy ze v\u0161ech skupin.<\/p>\n<p>&nbsp;<\/p>\n","protected":false},"excerpt":{"rendered":"<p>OMD dosp\u011bl\u00fdch a mlad\u0161\u00edho \u017eactva foto zdroj Atletika Chodov V Chebu se uskute\u010dnilo 1. kolo OMD dosp\u011bl\u00fdch. P\u0159in\u00e1\u0161\u00edme v\u00fdsledky a Zpravodaj \u0158P V\u00ddSLEDKY ZPRACODAJ \u0158P&hellip;<\/p>\n","protected":false},"author":2,"featured_media":3704,"comment_status":"closed","ping_status":"closed","sticky":false,"template":"","format":"standard","meta":{"footnotes":""},"categories":[1],"tags":[],"jetpack_sharing_enabled":true,"jetpack_featured_media_url":"http:\/\/pkas.cz\/wp-content\/uploads\/2023\/06\/cheb.jpg","_links":{"self":[{"href":"http:\/\/pkas.cz\/index.php?rest_route=\/wp\/v2\/posts\/3700"}],"collection":[{"href":"http:\/\/pkas.cz\/index.php?rest_route=\/wp\/v2\/posts"}],"about":[{"href":"http:\/\/pkas.cz\/index.php?rest_route=\/wp\/v2\/types\/post"}],"author":[{"embeddable":true,"href":"http:\/\/pkas.cz\/index.php?rest_route=\/wp\/v2\/users\/2"}],"replies":[{"embeddable":true,"href":"http:\/\/pkas.cz\/index.php?rest_route=%2Fwp%2Fv2%2Fcomments&post=3700"}],"version-history":[{"count":1,"href":"http:\/\/pkas.cz\/index.php?rest_route=\/wp\/v2\/posts\/3700\/revisions"}],"predecessor-version":[{"id":3705,"href":"http:\/\/pkas.cz\/index.php?rest_route=\/wp\/v2\/posts\/3700\/revisions\/3705"}],"wp:featuredmedia":[{"embeddable":true,"href":"http:\/\/pkas.cz\/index.php?rest_route=\/wp\/v2\/media\/3704"}],"wp:attachment":[{"href":"http:\/\/pkas.cz\/index.php?rest_route=%2Fwp%2Fv2%2Fmedia&parent=3700"}],"wp:term":[{"taxonomy":"category","embeddable":true,"href":"http:\/\/pkas.cz\/index.php?rest_route=%2Fwp%2Fv2%2Fcategories&post=3700"},{"taxonomy":"post_tag","embeddable":true,"href":"http:\/\/pkas.cz\/index.php?rest_route=%2Fwp%2Fv2%2Ftags&post=3700"}],"curies":[{"name":"wp","href":"https:\/\/api.w.org\/{rel}","templated":true}]}}