{"id":3697,"date":"2023-06-15T10:29:16","date_gmt":"2023-06-15T08:29:16","guid":{"rendered":"http:\/\/pkas.cz\/?p=3697"},"modified":"2023-06-22T10:33:34","modified_gmt":"2023-06-22T08:33:34","slug":"zpravodaj-a-vysledky-z-2-kola-omd-susice","status":"publish","type":"post","link":"http:\/\/pkas.cz\/?p=3697","title":{"rendered":"ZPRAVODAJ a V\u00ddSLEDKY z 2. kola OMD Su\u0161ice"},"content":{"rendered":"<h1><strong>ZPRAVODAJ a V\u00ddSLEDKY z 2. kola OMD Su\u0161ice<\/strong><\/h1>\n<figure id=\"attachment_717\" aria-describedby=\"caption-attachment-717\" style=\"width: 300px\" class=\"wp-caption alignnone\"><img loading=\"lazy\" decoding=\"async\" class=\"size-medium wp-image-717\" src=\"http:\/\/pkas.cz\/wp-content\/uploads\/2020\/01\/PKAS_logo-pr\u016fhledn\u00fd-e1663571776431-300x225.png\" alt=\"logo_new\" width=\"300\" height=\"225\" \/><figcaption id=\"caption-attachment-717\" class=\"wp-caption-text\">Nov\u00e9 logo PKAS<\/figcaption><\/figure>\n<p>Josef P\u0161ajdl vydal spole\u010dn\u00fd\u00a0 Zpravodaj \u0159\u00edd\u00edc\u00edch pracovn\u00edk\u016f po 2. kole OMD v Su\u0161ici. Ke sta\u017een\u00ed <a href=\"http:\/\/pkas.cz\/wp-content\/uploads\/2023\/06\/zpravodaj_2_kolo-OMD-zactva_dorostu_junioru.pdf\">ZDE<\/a><\/p>\n<p>Dopl\u0148ujeme tak\u00e9 individu\u00e1ln\u00ed <a href=\"https:\/\/online.atletika.cz\/vysledky\/68027\">V\u00ddSLEDKY<\/a> z cel\u00e9ho z\u00e1vodu<\/p>\n","protected":false},"excerpt":{"rendered":"<p>ZPRAVODAJ a V\u00ddSLEDKY z 2. kola OMD Su\u0161ice Josef P\u0161ajdl vydal spole\u010dn\u00fd\u00a0 Zpravodaj \u0159\u00edd\u00edc\u00edch pracovn\u00edk\u016f po 2. kole OMD v Su\u0161ici. Ke sta\u017een\u00ed ZDE Dopl\u0148ujeme&hellip;<\/p>\n","protected":false},"author":2,"featured_media":717,"comment_status":"closed","ping_status":"closed","sticky":false,"template":"","format":"standard","meta":{"footnotes":""},"categories":[1],"tags":[],"jetpack_sharing_enabled":true,"jetpack_featured_media_url":"http:\/\/pkas.cz\/wp-content\/uploads\/2020\/01\/PKAS_logo-pr\u016fhledn\u00fd.png","_links":{"self":[{"href":"http:\/\/pkas.cz\/index.php?rest_route=\/wp\/v2\/posts\/3697"}],"collection":[{"href":"http:\/\/pkas.cz\/index.php?rest_route=\/wp\/v2\/posts"}],"about":[{"href":"http:\/\/pkas.cz\/index.php?rest_route=\/wp\/v2\/types\/post"}],"author":[{"embeddable":true,"href":"http:\/\/pkas.cz\/index.php?rest_route=\/wp\/v2\/users\/2"}],"replies":[{"embeddable":true,"href":"http:\/\/pkas.cz\/index.php?rest_route=%2Fwp%2Fv2%2Fcomments&post=3697"}],"version-history":[{"count":1,"href":"http:\/\/pkas.cz\/index.php?rest_route=\/wp\/v2\/posts\/3697\/revisions"}],"predecessor-version":[{"id":3699,"href":"http:\/\/pkas.cz\/index.php?rest_route=\/wp\/v2\/posts\/3697\/revisions\/3699"}],"wp:featuredmedia":[{"embeddable":true,"href":"http:\/\/pkas.cz\/index.php?rest_route=\/wp\/v2\/media\/717"}],"wp:attachment":[{"href":"http:\/\/pkas.cz\/index.php?rest_route=%2Fwp%2Fv2%2Fmedia&parent=3697"}],"wp:term":[{"taxonomy":"category","embeddable":true,"href":"http:\/\/pkas.cz\/index.php?rest_route=%2Fwp%2Fv2%2Fcategories&post=3697"},{"taxonomy":"post_tag","embeddable":true,"href":"http:\/\/pkas.cz\/index.php?rest_route=%2Fwp%2Fv2%2Ftags&post=3697"}],"curies":[{"name":"wp","href":"https:\/\/api.w.org\/{rel}","templated":true}]}}