{"id":3694,"date":"2023-06-22T10:21:03","date_gmt":"2023-06-22T08:21:03","guid":{"rendered":"http:\/\/pkas.cz\/?p=3694"},"modified":"2023-06-22T10:21:03","modified_gmt":"2023-06-22T08:21:03","slug":"nominace-na-mezikrajove-utkani-starsiho-zactva-4","status":"publish","type":"post","link":"http:\/\/pkas.cz\/?p=3694","title":{"rendered":"Nominace na Mezikrajov\u00e9 utk\u00e1n\u00ed star\u0161\u00edho \u017eactva"},"content":{"rendered":"<h1>Nominace na Mezikrajov\u00e9 utk\u00e1n\u00ed star\u0161\u00edho \u017eactva<\/h1>\n<figure id=\"attachment_717\" aria-describedby=\"caption-attachment-717\" style=\"width: 300px\" class=\"wp-caption alignnone\"><img loading=\"lazy\" decoding=\"async\" class=\"size-medium wp-image-717\" src=\"http:\/\/pkas.cz\/wp-content\/uploads\/2020\/01\/PKAS_logo-pr\u016fhledn\u00fd-e1663571776431-300x225.png\" alt=\"logo_new\" width=\"300\" height=\"225\" \/><figcaption id=\"caption-attachment-717\" class=\"wp-caption-text\">Nov\u00e9 logo PKAS<\/figcaption><\/figure>\n<p>Denisa Bene\u0161ov\u00e1, vedouc\u00ed krajsk\u00e9 v\u00fdpravy p\u0159ipravil NOMINACI na mezikrajov\u00e9 utk\u00e1n\u00ed star\u0161\u00edho \u017eactva, kter\u00e9 se uskute\u010dn\u00ed 25.6. ve Star\u00e9 Boleslavi.<\/p>\n<p><a href=\"http:\/\/pkas.cz\/wp-content\/uploads\/2023\/06\/Mezikrajove-utkani-STZ_2023_nominace_Plzenskky-kraj.pdf\">NOMINACE ZDE<\/a><\/p>\n","protected":false},"excerpt":{"rendered":"<p>Nominace na Mezikrajov\u00e9 utk\u00e1n\u00ed star\u0161\u00edho \u017eactva Denisa Bene\u0161ov\u00e1, vedouc\u00ed krajsk\u00e9 v\u00fdpravy p\u0159ipravil NOMINACI na mezikrajov\u00e9 utk\u00e1n\u00ed star\u0161\u00edho \u017eactva, kter\u00e9 se uskute\u010dn\u00ed 25.6. ve Star\u00e9 Boleslavi.&hellip;<\/p>\n","protected":false},"author":2,"featured_media":717,"comment_status":"closed","ping_status":"closed","sticky":false,"template":"","format":"standard","meta":{"footnotes":""},"categories":[1],"tags":[],"jetpack_sharing_enabled":true,"jetpack_featured_media_url":"http:\/\/pkas.cz\/wp-content\/uploads\/2020\/01\/PKAS_logo-pr\u016fhledn\u00fd.png","_links":{"self":[{"href":"http:\/\/pkas.cz\/index.php?rest_route=\/wp\/v2\/posts\/3694"}],"collection":[{"href":"http:\/\/pkas.cz\/index.php?rest_route=\/wp\/v2\/posts"}],"about":[{"href":"http:\/\/pkas.cz\/index.php?rest_route=\/wp\/v2\/types\/post"}],"author":[{"embeddable":true,"href":"http:\/\/pkas.cz\/index.php?rest_route=\/wp\/v2\/users\/2"}],"replies":[{"embeddable":true,"href":"http:\/\/pkas.cz\/index.php?rest_route=%2Fwp%2Fv2%2Fcomments&post=3694"}],"version-history":[{"count":1,"href":"http:\/\/pkas.cz\/index.php?rest_route=\/wp\/v2\/posts\/3694\/revisions"}],"predecessor-version":[{"id":3696,"href":"http:\/\/pkas.cz\/index.php?rest_route=\/wp\/v2\/posts\/3694\/revisions\/3696"}],"wp:featuredmedia":[{"embeddable":true,"href":"http:\/\/pkas.cz\/index.php?rest_route=\/wp\/v2\/media\/717"}],"wp:attachment":[{"href":"http:\/\/pkas.cz\/index.php?rest_route=%2Fwp%2Fv2%2Fmedia&parent=3694"}],"wp:term":[{"taxonomy":"category","embeddable":true,"href":"http:\/\/pkas.cz\/index.php?rest_route=%2Fwp%2Fv2%2Fcategories&post=3694"},{"taxonomy":"post_tag","embeddable":true,"href":"http:\/\/pkas.cz\/index.php?rest_route=%2Fwp%2Fv2%2Ftags&post=3694"}],"curies":[{"name":"wp","href":"https:\/\/api.w.org\/{rel}","templated":true}]}}