{"id":3692,"date":"2023-06-22T10:10:49","date_gmt":"2023-06-22T08:10:49","guid":{"rendered":"http:\/\/pkas.cz\/?p=3692"},"modified":"2023-06-22T10:10:49","modified_gmt":"2023-06-22T08:10:49","slug":"mezistatni-utkani-u20-na-slovensku-nominace-zapadocechu","status":"publish","type":"post","link":"http:\/\/pkas.cz\/?p=3692","title":{"rendered":"Mezist\u00e1tn\u00ed utk\u00e1n\u00ed U20 na Slovensku: Nominace Z\u00e1pado\u010dech\u016f"},"content":{"rendered":"<h1>MU U20 na Slovensku: Nominace Z\u00e1pado\u010dech\u016f<\/h1>\n<figure id=\"attachment_717\" aria-describedby=\"caption-attachment-717\" style=\"width: 300px\" class=\"wp-caption alignnone\"><img loading=\"lazy\" decoding=\"async\" class=\"size-medium wp-image-717\" src=\"http:\/\/pkas.cz\/wp-content\/uploads\/2020\/01\/PKAS_logo-pr\u016fhledn\u00fd-e1663571776431-300x225.png\" alt=\"logo_new\" width=\"300\" height=\"225\" \/><figcaption id=\"caption-attachment-717\" class=\"wp-caption-text\">Nov\u00e9 logo PKAS<\/figcaption><\/figure>\n<p>24.6. prob\u011bhne ve slovensk\u00e9 B\u00e1nsk\u00e9 Bystrici Mezist\u00e1tn\u00ed utk\u00e1n\u00ed reprezentace do 20 let. V nominaci se objevila i cel\u00e1 \u0159ada \u00fasp\u011b\u0161n\u00fdch Z\u00e1pado\u010dech\u016f\u00a0 na M\u010cR v t\u00e9to kategorii:<\/p>\n<p>Mu\u017ei:<br \/>\n<strong>Jakub Peterka &#8211; <\/strong>100m, 4x100m<\/p>\n<p><strong>Michal Haidelmeier <\/strong>&#8211; 400m p\u0159., 4x400m<\/p>\n<p><strong>Adam Fliegel <\/strong>&#8211; vrh koul\u00ed<\/p>\n<p><strong>Nick Vr\u00e1nek <\/strong>&#8211; hod kladivem<\/p>\n<p>(v\u0161ichni SKPLZ)<\/p>\n<p>\u017deny:<\/p>\n<p><strong>Kate\u0159ina Matou\u0161kov\u00e1<\/strong> (SKPLZ)- 400m, 4x400m<\/p>\n<p><strong>Lucie Kubecov\u00e1 <\/strong>(MILDO) &#8211; 800m<\/p>\n<p><strong>Eli\u0161ka Dobe\u0161ov\u00e1 <\/strong>(SOPLZ) &#8211; hod diskem<\/p>\n<p><strong>Anna S\u00fdkorov\u00e1<\/strong> (SKPLZ) &#8211; hod kladivem<\/p>\n<p><strong>Simona Kubou\u0161kov\u00e1<\/strong> (DOMAZ) &#8211; hod kladivem<\/p>\n<p><strong>Magdal\u00e9na Hellmayerov\u00e1 <\/strong>(SKPLZ) &#8211; hod o\u0161t\u011bpem<\/p>\n<p>&nbsp;<\/p>\n<p>&nbsp;<\/p>\n<p>&nbsp;<\/p>\n","protected":false},"excerpt":{"rendered":"<p>MU U20 na Slovensku: Nominace Z\u00e1pado\u010dech\u016f 24.6. prob\u011bhne ve slovensk\u00e9 B\u00e1nsk\u00e9 Bystrici Mezist\u00e1tn\u00ed utk\u00e1n\u00ed reprezentace do 20 let. V nominaci se objevila i cel\u00e1 \u0159ada&hellip;<\/p>\n","protected":false},"author":2,"featured_media":717,"comment_status":"closed","ping_status":"closed","sticky":false,"template":"","format":"standard","meta":{"footnotes":""},"categories":[1],"tags":[],"jetpack_sharing_enabled":true,"jetpack_featured_media_url":"http:\/\/pkas.cz\/wp-content\/uploads\/2020\/01\/PKAS_logo-pr\u016fhledn\u00fd.png","_links":{"self":[{"href":"http:\/\/pkas.cz\/index.php?rest_route=\/wp\/v2\/posts\/3692"}],"collection":[{"href":"http:\/\/pkas.cz\/index.php?rest_route=\/wp\/v2\/posts"}],"about":[{"href":"http:\/\/pkas.cz\/index.php?rest_route=\/wp\/v2\/types\/post"}],"author":[{"embeddable":true,"href":"http:\/\/pkas.cz\/index.php?rest_route=\/wp\/v2\/users\/2"}],"replies":[{"embeddable":true,"href":"http:\/\/pkas.cz\/index.php?rest_route=%2Fwp%2Fv2%2Fcomments&post=3692"}],"version-history":[{"count":1,"href":"http:\/\/pkas.cz\/index.php?rest_route=\/wp\/v2\/posts\/3692\/revisions"}],"predecessor-version":[{"id":3693,"href":"http:\/\/pkas.cz\/index.php?rest_route=\/wp\/v2\/posts\/3692\/revisions\/3693"}],"wp:featuredmedia":[{"embeddable":true,"href":"http:\/\/pkas.cz\/index.php?rest_route=\/wp\/v2\/media\/717"}],"wp:attachment":[{"href":"http:\/\/pkas.cz\/index.php?rest_route=%2Fwp%2Fv2%2Fmedia&parent=3692"}],"wp:term":[{"taxonomy":"category","embeddable":true,"href":"http:\/\/pkas.cz\/index.php?rest_route=%2Fwp%2Fv2%2Fcategories&post=3692"},{"taxonomy":"post_tag","embeddable":true,"href":"http:\/\/pkas.cz\/index.php?rest_route=%2Fwp%2Fv2%2Ftags&post=3692"}],"curies":[{"name":"wp","href":"https:\/\/api.w.org\/{rel}","templated":true}]}}