{"id":3684,"date":"2023-06-19T22:36:30","date_gmt":"2023-06-19T20:36:30","guid":{"rendered":"http:\/\/pkas.cz\/?p=3684"},"modified":"2023-06-22T09:55:06","modified_gmt":"2023-06-22T07:55:06","slug":"na-me-druzstev-nominovano-nekolik-zastupcu-z-regionu","status":"publish","type":"post","link":"http:\/\/pkas.cz\/?p=3684","title":{"rendered":"Na ME dru\u017estev nominov\u00e1no n\u011bkolik z\u00e1stupc\u016f z regionu"},"content":{"rendered":"<h1>Na ME dru\u017estev nominov\u00e1no n\u011bkolik z\u00e1stupc\u016f z regionu<\/h1>\n<p><img loading=\"lazy\" decoding=\"async\" class=\"alignnone size-medium wp-image-3685\" src=\"http:\/\/pkas.cz\/wp-content\/uploads\/2023\/06\/400X296__silesia-300x222.png\" alt=\"\" width=\"300\" height=\"222\" srcset=\"http:\/\/pkas.cz\/wp-content\/uploads\/2023\/06\/400X296__silesia-300x222.png 300w, http:\/\/pkas.cz\/wp-content\/uploads\/2023\/06\/400X296__silesia.png 400w\" sizes=\"(max-width: 300px) 100vw, 300px\" \/><img loading=\"lazy\" decoding=\"async\" class=\"alignnone size-medium wp-image-3688\" src=\"http:\/\/pkas.cz\/wp-content\/uploads\/2023\/06\/skodovaci_chorzow-300x300.jpg\" alt=\"\" width=\"300\" height=\"300\" srcset=\"http:\/\/pkas.cz\/wp-content\/uploads\/2023\/06\/skodovaci_chorzow-300x300.jpg 300w, http:\/\/pkas.cz\/wp-content\/uploads\/2023\/06\/skodovaci_chorzow-150x150.jpg 150w, http:\/\/pkas.cz\/wp-content\/uploads\/2023\/06\/skodovaci_chorzow-768x768.jpg 768w, http:\/\/pkas.cz\/wp-content\/uploads\/2023\/06\/skodovaci_chorzow.jpg 843w\" sizes=\"(max-width: 300px) 100vw, 300px\" \/><\/p>\n<p>Zdroj AK \u0160koda Plze\u0148<\/p>\n<p>Celou \u0159adu jmen dodal n\u00e1\u0161 region do reprezenta\u010dn\u00edho A v\u00fdb\u011bru, kter\u00fd bude v Polsku 23. &#8211; 25. 6. jedn\u00edm ze \u010dlen\u016f nejvy\u0161\u0161\u00ed skupiny ME dru\u017estev.<\/p>\n<p>Mu\u017ei:<\/p>\n<p><strong>Jakub David\u00edk<\/strong> &#8211; 1500m<\/p>\n<p><strong>Jan \u0160tefela<\/strong> &#8211; skok vysok\u00fd<\/p>\n<p><strong>Michal Forejt <\/strong>&#8211; hod diskem<\/p>\n<p><strong>Tereza Petr\u017eilkov\u00e1<\/strong> &#8211; 400 m, 4&#215;400 m mix<\/p>\n<p><strong>Tereza Hrochov\u00e1<\/strong> &#8211; 5000m<\/p>\n<p><strong>Linda Such\u00e1<\/strong> &#8211; trojskok<\/p>\n<p><strong>Barbora Tich\u00e1<\/strong> &#8211; hod diskem<\/p>\n<p>&nbsp;<\/p>\n<p><strong>Mistovstv\u00ed Evropy dru\u017estev 2023 ve vys\u00edl\u00e1n\u00ed \u010cesk\u00e9 televize<\/strong><\/p>\n<p>P\u00e1tek (23. 6.) &#8211; 16:00 &#8211; 20:00 (\u010cT sport)<\/p>\n<p>Sobota (24. 6.) &#8211; 15:40 &#8211; 19:00 (\u010cT sport), 15:00 &#8211; 19:00 (\u010cT sport plus)<\/p>\n<p>Ned\u011ble (25. 6.) &#8211; 15:55 &#8211; 17:35 (\u010cT sport), 17:35 &#8211; 19:00 (\u010cT 2)<\/p>\n<p>&nbsp;<\/p>\n<p>&nbsp;<\/p>\n","protected":false},"excerpt":{"rendered":"<p>Na ME dru\u017estev nominov\u00e1no n\u011bkolik z\u00e1stupc\u016f z regionu Zdroj AK \u0160koda Plze\u0148 Celou \u0159adu jmen dodal n\u00e1\u0161 region do reprezenta\u010dn\u00edho A v\u00fdb\u011bru, kter\u00fd bude v&hellip;<\/p>\n","protected":false},"author":2,"featured_media":3688,"comment_status":"closed","ping_status":"closed","sticky":false,"template":"","format":"standard","meta":{"footnotes":""},"categories":[1],"tags":[],"jetpack_sharing_enabled":true,"jetpack_featured_media_url":"http:\/\/pkas.cz\/wp-content\/uploads\/2023\/06\/skodovaci_chorzow.jpg","_links":{"self":[{"href":"http:\/\/pkas.cz\/index.php?rest_route=\/wp\/v2\/posts\/3684"}],"collection":[{"href":"http:\/\/pkas.cz\/index.php?rest_route=\/wp\/v2\/posts"}],"about":[{"href":"http:\/\/pkas.cz\/index.php?rest_route=\/wp\/v2\/types\/post"}],"author":[{"embeddable":true,"href":"http:\/\/pkas.cz\/index.php?rest_route=\/wp\/v2\/users\/2"}],"replies":[{"embeddable":true,"href":"http:\/\/pkas.cz\/index.php?rest_route=%2Fwp%2Fv2%2Fcomments&post=3684"}],"version-history":[{"count":4,"href":"http:\/\/pkas.cz\/index.php?rest_route=\/wp\/v2\/posts\/3684\/revisions"}],"predecessor-version":[{"id":3691,"href":"http:\/\/pkas.cz\/index.php?rest_route=\/wp\/v2\/posts\/3684\/revisions\/3691"}],"wp:featuredmedia":[{"embeddable":true,"href":"http:\/\/pkas.cz\/index.php?rest_route=\/wp\/v2\/media\/3688"}],"wp:attachment":[{"href":"http:\/\/pkas.cz\/index.php?rest_route=%2Fwp%2Fv2%2Fmedia&parent=3684"}],"wp:term":[{"taxonomy":"category","embeddable":true,"href":"http:\/\/pkas.cz\/index.php?rest_route=%2Fwp%2Fv2%2Fcategories&post=3684"},{"taxonomy":"post_tag","embeddable":true,"href":"http:\/\/pkas.cz\/index.php?rest_route=%2Fwp%2Fv2%2Ftags&post=3684"}],"curies":[{"name":"wp","href":"https:\/\/api.w.org\/{rel}","templated":true}]}}