{"id":3665,"date":"2023-06-15T08:49:43","date_gmt":"2023-06-15T06:49:43","guid":{"rendered":"http:\/\/pkas.cz\/?p=3665"},"modified":"2023-06-15T08:49:43","modified_gmt":"2023-06-15T06:49:43","slug":"v-reprezentaci-u18-i-zapadocesi","status":"publish","type":"post","link":"http:\/\/pkas.cz\/?p=3665","title":{"rendered":"V reprezentaci U18 i Z\u00e1pado\u010de\u0161i"},"content":{"rendered":"<h1>V reprezentaci U18 i Z\u00e1pado\u010de\u0161i<\/h1>\n<p><img loading=\"lazy\" decoding=\"async\" class=\"alignnone size-medium wp-image-3667\" src=\"http:\/\/pkas.cz\/wp-content\/uploads\/2023\/06\/repreu18-300x169.jpg\" alt=\"\" width=\"300\" height=\"169\" srcset=\"http:\/\/pkas.cz\/wp-content\/uploads\/2023\/06\/repreu18-300x169.jpg 300w, http:\/\/pkas.cz\/wp-content\/uploads\/2023\/06\/repreu18.jpg 600w\" sizes=\"(max-width: 300px) 100vw, 300px\" \/><\/p>\n<p>zdroj atletika.cz<\/p>\n<p>Ve slovinsk\u00e9 Ptuji se konalo Mezist\u00e1tn\u00ed p\u011btiutk\u00e1n\u00ed \u010cR &#8211; Polsko &#8211; Ma\u010farsko &#8211; Slovensko &#8211; Slovinsko. N\u00e1rodn\u00ed barvy zde reprezentovalo 6 z\u00e1stupc\u016f z na\u0161eho regionu.<\/p>\n<p>Bohu\u017eel n\u011bkolik v\u00fdkon\u016f znehodnotil siln\u00fd v\u00edtr, p\u0159esto si ve st\u0159edoevropsk\u00e9 konkurence neztratili.<\/p>\n<p>1.<strong> Viktorie J\u00e1nsk\u00e1<\/strong> v d\u00e1lce v\u011btrn\u00fd 634cm, regul\u00e9rn\u00ed v\u00fdkon 606cm a 3. m\u00edsto na 100m p\u0159ek\u00e1\u017ek\u00e1ch 13,70s<\/p>\n<p>2. <strong>Karol\u00edna Machov\u00e1 v kouli <\/strong>16,23m<\/p>\n<p>3. <strong>Ad\u00e9la Han\u00e1kov\u00e1 <\/strong>hod o\u0161t\u011bpem 45,87m<\/p>\n<p>3.<strong> Franti\u0161ek Jab\u016frek<\/strong> v kouli 16,65m PB<\/p>\n<p>4. <strong>Pavel Forejt<\/strong> hod diskem 52,38m<\/p>\n<p>5. <strong>Jan \u0160karban<\/strong> 1500m &#8211; 4:01,17<\/p>\n<p><a href=\"https:\/\/online.atletika.cz\/upload\/ptuj%2011.6.2023.pdf\">KOMPLETN\u00cd V\u00ddSLEDKY<\/a><\/p>\n<p>&nbsp;<\/p>\n","protected":false},"excerpt":{"rendered":"<p>V reprezentaci U18 i Z\u00e1pado\u010de\u0161i zdroj atletika.cz Ve slovinsk\u00e9 Ptuji se konalo Mezist\u00e1tn\u00ed p\u011btiutk\u00e1n\u00ed \u010cR &#8211; Polsko &#8211; Ma\u010farsko &#8211; Slovensko &#8211; Slovinsko. N\u00e1rodn\u00ed barvy&hellip;<\/p>\n","protected":false},"author":2,"featured_media":3667,"comment_status":"closed","ping_status":"closed","sticky":false,"template":"","format":"standard","meta":{"footnotes":""},"categories":[1],"tags":[],"jetpack_sharing_enabled":true,"jetpack_featured_media_url":"http:\/\/pkas.cz\/wp-content\/uploads\/2023\/06\/repreu18.jpg","_links":{"self":[{"href":"http:\/\/pkas.cz\/index.php?rest_route=\/wp\/v2\/posts\/3665"}],"collection":[{"href":"http:\/\/pkas.cz\/index.php?rest_route=\/wp\/v2\/posts"}],"about":[{"href":"http:\/\/pkas.cz\/index.php?rest_route=\/wp\/v2\/types\/post"}],"author":[{"embeddable":true,"href":"http:\/\/pkas.cz\/index.php?rest_route=\/wp\/v2\/users\/2"}],"replies":[{"embeddable":true,"href":"http:\/\/pkas.cz\/index.php?rest_route=%2Fwp%2Fv2%2Fcomments&post=3665"}],"version-history":[{"count":2,"href":"http:\/\/pkas.cz\/index.php?rest_route=\/wp\/v2\/posts\/3665\/revisions"}],"predecessor-version":[{"id":3668,"href":"http:\/\/pkas.cz\/index.php?rest_route=\/wp\/v2\/posts\/3665\/revisions\/3668"}],"wp:featuredmedia":[{"embeddable":true,"href":"http:\/\/pkas.cz\/index.php?rest_route=\/wp\/v2\/media\/3667"}],"wp:attachment":[{"href":"http:\/\/pkas.cz\/index.php?rest_route=%2Fwp%2Fv2%2Fmedia&parent=3665"}],"wp:term":[{"taxonomy":"category","embeddable":true,"href":"http:\/\/pkas.cz\/index.php?rest_route=%2Fwp%2Fv2%2Fcategories&post=3665"},{"taxonomy":"post_tag","embeddable":true,"href":"http:\/\/pkas.cz\/index.php?rest_route=%2Fwp%2Fv2%2Ftags&post=3665"}],"curies":[{"name":"wp","href":"https:\/\/api.w.org\/{rel}","templated":true}]}}