{"id":3663,"date":"2023-06-19T08:53:04","date_gmt":"2023-06-19T06:53:04","guid":{"rendered":"http:\/\/pkas.cz\/?p=3663"},"modified":"2023-06-19T08:53:04","modified_gmt":"2023-06-19T06:53:04","slug":"4-dil-bezeckeho-poharu-mladeze-beh-historickym-stribrem","status":"publish","type":"post","link":"http:\/\/pkas.cz\/?p=3663","title":{"rendered":"4. d\u00edl B\u011b\u017eeck\u00e9ho poh\u00e1ru ml\u00e1de\u017ee: B\u011bh historick\u00fdm St\u0159\u00edbrem"},"content":{"rendered":"<h1>4. d\u00edl B\u011b\u017eeck\u00e9ho poh\u00e1ru ml\u00e1de\u017ee: B\u011bh historick\u00fdm St\u0159\u00edbrem<\/h1>\n<p><img loading=\"lazy\" decoding=\"async\" class=\"alignnone size-medium wp-image-3670\" src=\"http:\/\/pkas.cz\/wp-content\/uploads\/2023\/06\/histor_stribro_2023-300x200.jpg\" alt=\"\" width=\"300\" height=\"200\" srcset=\"http:\/\/pkas.cz\/wp-content\/uploads\/2023\/06\/histor_stribro_2023-300x200.jpg 300w, http:\/\/pkas.cz\/wp-content\/uploads\/2023\/06\/histor_stribro_2023-1024x682.jpg 1024w, http:\/\/pkas.cz\/wp-content\/uploads\/2023\/06\/histor_stribro_2023-768x512.jpg 768w, http:\/\/pkas.cz\/wp-content\/uploads\/2023\/06\/histor_stribro_2023-391x260.jpg 391w, http:\/\/pkas.cz\/wp-content\/uploads\/2023\/06\/histor_stribro_2023-1536x1024.jpg 1536w, http:\/\/pkas.cz\/wp-content\/uploads\/2023\/06\/histor_stribro_2023.jpg 2000w\" sizes=\"(max-width: 300px) 100vw, 300px\" \/><\/p>\n<p>FOTOGRAFIE ATLETIKA ST\u0158\u00cdBRO<\/p>\n<p>V ned\u011bli 11.6. se ve St\u0159\u00edb\u0159e p\u0159i p\u0159\u00edle\u017eitosti m\u00edstn\u00edch slavnost\u00ed konal B\u011bh historick\u00fdm St\u0159\u00edbrem. \u010ctvrt\u00fd z\u00e1vod sez\u00f3ny z\u00e1rove\u0148 uzav\u0159el jarn\u00ed program poh\u00e1ru.<\/p>\n<p>P\u0159in\u00e1\u0161\u00edme <a href=\"http:\/\/www.pro-sport.cz\/sites\/PRO-SPORT.cz\/\/repository\/AO_V__sledky_B__h_historick__m_St____brem_2023.xls\">V\u00ddSLEDKY<\/a><\/p>\n<p><a href=\"http:\/\/www.pro-sport.cz\/sites\/PRO-SPORT.cz\/\/repository\/AO_Pr__b____n___po__ad___B____eck__ho_poh__ru_ml__de__e_2023_IV.xls\">PR\u016eB\u011a\u017dN\u00c9 PO\u0158AD\u00cd POH\u00c1RU<\/a> po 4 z\u00e1vodech<\/p>\n<p><a href=\"https:\/\/atletikastribro.rajce.idnes.cz\/Beh_historickym_Stribrem_2023\/1594230061\">FOTOGALERIE Z\u00c1VODU<\/a><\/p>\n<p>&nbsp;<\/p>\n<p>5. z\u00e1vod se kon\u00e1 na konci pr\u00e1zdnin v Doma\u017elic\u00edch jako p\u0159edprogram mezin\u00e1rodn\u00edho m\u00edtinku Chodsk\u00e1 1500.<\/p>\n","protected":false},"excerpt":{"rendered":"<p>4. d\u00edl B\u011b\u017eeck\u00e9ho poh\u00e1ru ml\u00e1de\u017ee: B\u011bh historick\u00fdm St\u0159\u00edbrem FOTOGRAFIE ATLETIKA ST\u0158\u00cdBRO V ned\u011bli 11.6. se ve St\u0159\u00edb\u0159e p\u0159i p\u0159\u00edle\u017eitosti m\u00edstn\u00edch slavnost\u00ed konal B\u011bh historick\u00fdm St\u0159\u00edbrem.&hellip;<\/p>\n","protected":false},"author":2,"featured_media":3670,"comment_status":"closed","ping_status":"closed","sticky":false,"template":"","format":"standard","meta":{"footnotes":""},"categories":[1],"tags":[],"jetpack_sharing_enabled":true,"jetpack_featured_media_url":"http:\/\/pkas.cz\/wp-content\/uploads\/2023\/06\/histor_stribro_2023.jpg","_links":{"self":[{"href":"http:\/\/pkas.cz\/index.php?rest_route=\/wp\/v2\/posts\/3663"}],"collection":[{"href":"http:\/\/pkas.cz\/index.php?rest_route=\/wp\/v2\/posts"}],"about":[{"href":"http:\/\/pkas.cz\/index.php?rest_route=\/wp\/v2\/types\/post"}],"author":[{"embeddable":true,"href":"http:\/\/pkas.cz\/index.php?rest_route=\/wp\/v2\/users\/2"}],"replies":[{"embeddable":true,"href":"http:\/\/pkas.cz\/index.php?rest_route=%2Fwp%2Fv2%2Fcomments&post=3663"}],"version-history":[{"count":2,"href":"http:\/\/pkas.cz\/index.php?rest_route=\/wp\/v2\/posts\/3663\/revisions"}],"predecessor-version":[{"id":3671,"href":"http:\/\/pkas.cz\/index.php?rest_route=\/wp\/v2\/posts\/3663\/revisions\/3671"}],"wp:featuredmedia":[{"embeddable":true,"href":"http:\/\/pkas.cz\/index.php?rest_route=\/wp\/v2\/media\/3670"}],"wp:attachment":[{"href":"http:\/\/pkas.cz\/index.php?rest_route=%2Fwp%2Fv2%2Fmedia&parent=3663"}],"wp:term":[{"taxonomy":"category","embeddable":true,"href":"http:\/\/pkas.cz\/index.php?rest_route=%2Fwp%2Fv2%2Fcategories&post=3663"},{"taxonomy":"post_tag","embeddable":true,"href":"http:\/\/pkas.cz\/index.php?rest_route=%2Fwp%2Fv2%2Ftags&post=3663"}],"curies":[{"name":"wp","href":"https:\/\/api.w.org\/{rel}","templated":true}]}}