{"id":3652,"date":"2023-06-10T06:52:26","date_gmt":"2023-06-10T04:52:26","guid":{"rendered":"http:\/\/pkas.cz\/?p=3652"},"modified":"2023-06-10T06:52:26","modified_gmt":"2023-06-10T04:52:26","slug":"jan-skarban-a-viktorie-janska-do-cela-evropskych-dorosteneckych-tabulek","status":"publish","type":"post","link":"http:\/\/pkas.cz\/?p=3652","title":{"rendered":"Jan \u0160karban a Viktorie J\u00e1nsk\u00e1 do \u010dela evropsk\u00fdch dorosteneck\u00fdch tabulek"},"content":{"rendered":"<h1>Jan \u0160karban a Viktorie J\u00e1nsk\u00e1 do \u010dela evropsk\u00fdch dorosteneck\u00fdch tabulek<\/h1>\n<p>&nbsp;<\/p>\n<p><img loading=\"lazy\" decoding=\"async\" class=\"alignnone size-medium wp-image-3653\" src=\"http:\/\/pkas.cz\/wp-content\/uploads\/2023\/06\/Skarban-OM-225x300.jpg\" alt=\"\" width=\"225\" height=\"300\" srcset=\"http:\/\/pkas.cz\/wp-content\/uploads\/2023\/06\/Skarban-OM-225x300.jpg 225w, http:\/\/pkas.cz\/wp-content\/uploads\/2023\/06\/Skarban-OM.jpg 720w\" sizes=\"(max-width: 225px) 100vw, 225px\" \/><\/p>\n<p>Foto AK \u0160KODA Plze\u0148<\/p>\n<p>Hned po Mezikrajov\u00e9m utk\u00e1n\u00ed ml\u00e1de\u017ee ve vrz\u00edch se na plze\u0148sk\u00e9m Stadionu ve Skvr\u0148anech uskute\u010dnilo i OM na dlouh\u00fdch p\u0159ek\u00e1\u017ek\u00e1ch a hodu kladivem.<\/p>\n<p>Velice hodnotn\u00fd v\u00fdkon zab\u011bhl <strong>Jan \u0160karban<\/strong>, kter\u00fd se v b\u011bhu na 2000m p\u0159. dostal v\u00fdkonem 5:49,14 do \u010dela evropsk\u00fdch dorosteneck\u00fdch tabulek.<\/p>\n<p>Do \u010dela republikov\u00fdch \u017e\u00e1kovsk\u00fdch tabulek se probojoval I st\u0159\u00edbrsk\u00fd <strong>Ond\u0159ej \u0160piroch, <\/strong>jeho v\u00fdkon na 1500m m\u011bl hodnotu 4:41,13.<\/p>\n<p><a href=\"https:\/\/online.atletika.cz\/vysledky\/69342\">V\u00ddSLEDKY Z OM<\/a><\/p>\n<p>&nbsp;<\/p>\n<p>V\u00fdborn\u00e1 zpr\u00e1va p\u0159i\u0161la i z propr\u0161en\u00e9ho Memori\u00e1lu Josefa Odlo\u017eila, kde Viktorie J\u00e1nsk\u00e1 sta\u010dila sv\u016fj \u010das na 100m p\u0159. na 13,57s a dostala se tak do \u010dela evropsk\u00fdch dorosteneck\u00fdch tabulek.<\/p>\n<p><a href=\"https:\/\/online.atletika.cz\/vysledky\/69310\">V\u00ddSLEDKY z MEMORI\u00c1LU Josefa Odlo\u017eila<\/a><\/p>\n<p>&nbsp;<\/p>\n","protected":false},"excerpt":{"rendered":"<p>Jan \u0160karban a Viktorie J\u00e1nsk\u00e1 do \u010dela evropsk\u00fdch dorosteneck\u00fdch tabulek &nbsp; Foto AK \u0160KODA Plze\u0148 Hned po Mezikrajov\u00e9m utk\u00e1n\u00ed ml\u00e1de\u017ee ve vrz\u00edch se na plze\u0148sk\u00e9m&hellip;<\/p>\n","protected":false},"author":2,"featured_media":3653,"comment_status":"closed","ping_status":"closed","sticky":false,"template":"","format":"standard","meta":{"footnotes":""},"categories":[1],"tags":[],"jetpack_sharing_enabled":true,"jetpack_featured_media_url":"http:\/\/pkas.cz\/wp-content\/uploads\/2023\/06\/Skarban-OM.jpg","_links":{"self":[{"href":"http:\/\/pkas.cz\/index.php?rest_route=\/wp\/v2\/posts\/3652"}],"collection":[{"href":"http:\/\/pkas.cz\/index.php?rest_route=\/wp\/v2\/posts"}],"about":[{"href":"http:\/\/pkas.cz\/index.php?rest_route=\/wp\/v2\/types\/post"}],"author":[{"embeddable":true,"href":"http:\/\/pkas.cz\/index.php?rest_route=\/wp\/v2\/users\/2"}],"replies":[{"embeddable":true,"href":"http:\/\/pkas.cz\/index.php?rest_route=%2Fwp%2Fv2%2Fcomments&post=3652"}],"version-history":[{"count":1,"href":"http:\/\/pkas.cz\/index.php?rest_route=\/wp\/v2\/posts\/3652\/revisions"}],"predecessor-version":[{"id":3654,"href":"http:\/\/pkas.cz\/index.php?rest_route=\/wp\/v2\/posts\/3652\/revisions\/3654"}],"wp:featuredmedia":[{"embeddable":true,"href":"http:\/\/pkas.cz\/index.php?rest_route=\/wp\/v2\/media\/3653"}],"wp:attachment":[{"href":"http:\/\/pkas.cz\/index.php?rest_route=%2Fwp%2Fv2%2Fmedia&parent=3652"}],"wp:term":[{"taxonomy":"category","embeddable":true,"href":"http:\/\/pkas.cz\/index.php?rest_route=%2Fwp%2Fv2%2Fcategories&post=3652"},{"taxonomy":"post_tag","embeddable":true,"href":"http:\/\/pkas.cz\/index.php?rest_route=%2Fwp%2Fv2%2Ftags&post=3652"}],"curies":[{"name":"wp","href":"https:\/\/api.w.org\/{rel}","templated":true}]}}