{"id":3640,"date":"2023-06-10T06:18:02","date_gmt":"2023-06-10T04:18:02","guid":{"rendered":"http:\/\/pkas.cz\/?p=3640"},"modified":"2023-06-10T06:18:02","modified_gmt":"2023-06-10T04:18:02","slug":"mezistatni-utkani-ve-vrzich-cr-polsko-madarsko","status":"publish","type":"post","link":"http:\/\/pkas.cz\/?p=3640","title":{"rendered":"Mezist\u00e1tn\u00ed utk\u00e1n\u00ed ve vrz\u00edch \u010cR &#8211; Polsko &#8211; Ma\u010farsko"},"content":{"rendered":"<h1>Mezist\u00e1tn\u00ed utk\u00e1n\u00ed ve vrz\u00edch \u010cR &#8211; Polsko &#8211; Ma\u010farsko<\/h1>\n<h1><img loading=\"lazy\" decoding=\"async\" class=\"size-medium wp-image-3650 alignleft\" src=\"http:\/\/pkas.cz\/wp-content\/uploads\/2023\/06\/MU-vde-vrzich-300x300.jpg\" alt=\"\" width=\"300\" height=\"300\" srcset=\"http:\/\/pkas.cz\/wp-content\/uploads\/2023\/06\/MU-vde-vrzich-300x300.jpg 300w, http:\/\/pkas.cz\/wp-content\/uploads\/2023\/06\/MU-vde-vrzich-1024x1024.jpg 1024w, http:\/\/pkas.cz\/wp-content\/uploads\/2023\/06\/MU-vde-vrzich-150x150.jpg 150w, http:\/\/pkas.cz\/wp-content\/uploads\/2023\/06\/MU-vde-vrzich-768x768.jpg 768w, http:\/\/pkas.cz\/wp-content\/uploads\/2023\/06\/MU-vde-vrzich.jpg 1440w\" sizes=\"(max-width: 300px) 100vw, 300px\" \/><\/h1>\n<p><img loading=\"lazy\" decoding=\"async\" class=\"size-medium wp-image-3642 alignleft\" src=\"http:\/\/pkas.cz\/wp-content\/uploads\/2023\/06\/350685455_125138723918733_4384948246596766913_n-240x300.jpg\" alt=\"\" width=\"240\" height=\"300\" srcset=\"http:\/\/pkas.cz\/wp-content\/uploads\/2023\/06\/350685455_125138723918733_4384948246596766913_n-240x300.jpg 240w, http:\/\/pkas.cz\/wp-content\/uploads\/2023\/06\/350685455_125138723918733_4384948246596766913_n.jpg 768w\" sizes=\"(max-width: 240px) 100vw, 240px\" \/><\/p>\n<p>&nbsp;<\/p>\n<p>Bohat\u00e9 zastoupen\u00ed m\u011bla na\u0161e Atletick\u00e1 akadamie p\u0159i AK \u0160KODA Plze\u0148 na dom\u00e1c\u00edm Mezist\u00e1tn\u00edm utk\u00e1n\u00ed ve vrz\u00edch, kter\u00e9 se premi\u00e9rov\u011b uskute\u010dnilo v Plzni.<\/p>\n<p>Hned 13 z\u00e1stupc\u016f bojovalo v \u010desk\u00fdch barv\u00e1ch nap\u0159\u00ed\u010d t\u0159emi kategoriemi U18,U20 a U22.<\/p>\n<p>N\u011bkolik informac\u00ed k individu\u00e1ln\u00edm v\u00fdkon\u016fm:<\/p>\n<div dir=\"auto\">Skv\u011ble se z\u00e1vod povedl Nickovi Vr\u00e1nkovi, kter\u00fd v kladiv\u00e1\u0159sk\u00e9 sout\u011b\u017ei poprv\u00e9 poko\u0159il sedmdes\u00e1ti metrovou hranici a v\u00fdkonem 70.57 m splnil limit pro start na juniorsk\u00e9m mistrovstv\u00ed Evropy.<\/div>\n<div dir=\"auto\">Osobn\u00edm rekordem se bl\u00fdskla tak\u00e9 kladiv\u00e1\u0159ka Anna S\u00fdkorov\u00e1, kter\u00e1 se d\u00edky nejdel\u0161\u00edmu hodu 57.04 m za\u0159adila na prvn\u00ed m\u00edsto pr\u016fb\u011b\u017en\u00e9 republikov\u00e9 tabulky juniorek. Nezvyklou premi\u00e9ru v n\u00e1rodn\u00edch barv\u00e1ch pro\u017eil diska\u0159 Pavel Forejt. Ten prvn\u00edmi dv\u011bma hody nezapsal platn\u00fd pokus, \u010d\u00edm\u017e se ale nenechal rozhodit a t\u0159et\u00edm sout\u011b\u017en\u00edm pokusem si vytvo\u0159il nov\u00e9 osobn\u00ed maximum 53.40 m. Opomenout nelze ani v\u00fdkon \u010dlenky atletick\u00e9 akademie z Klatov. Karol\u00edna Machov\u00e1 se op\u011bt bl\u00fdskla osobn\u00edm rekordem ve vrhu koul\u00ed, kter\u00fd m\u00e1 nyn\u00ed ji\u017e hodnotu 16,54m a \u0159ad\u00ed ji na t\u0159et\u00ed m\u00edsto v evropsk\u00fdch dorosteneck\u00fdch tabulk\u00e1ch.<\/div>\n<p>KOMPLETN\u00cd V\u00ddSLEDKY<\/p>\n<p>\u010d\u00e1ste\u010dn\u011b p\u0159evzato z facebooku AK \u0160KODA Plze\u0148<\/p>\n","protected":false},"excerpt":{"rendered":"<p>Mezist\u00e1tn\u00ed utk\u00e1n\u00ed ve vrz\u00edch \u010cR &#8211; Polsko &#8211; Ma\u010farsko &nbsp; Bohat\u00e9 zastoupen\u00ed m\u011bla na\u0161e Atletick\u00e1 akadamie p\u0159i AK \u0160KODA Plze\u0148 na dom\u00e1c\u00edm Mezist\u00e1tn\u00edm utk\u00e1n\u00ed ve&hellip;<\/p>\n","protected":false},"author":2,"featured_media":3650,"comment_status":"closed","ping_status":"closed","sticky":false,"template":"","format":"standard","meta":{"footnotes":""},"categories":[1],"tags":[],"jetpack_sharing_enabled":true,"jetpack_featured_media_url":"http:\/\/pkas.cz\/wp-content\/uploads\/2023\/06\/MU-vde-vrzich.jpg","_links":{"self":[{"href":"http:\/\/pkas.cz\/index.php?rest_route=\/wp\/v2\/posts\/3640"}],"collection":[{"href":"http:\/\/pkas.cz\/index.php?rest_route=\/wp\/v2\/posts"}],"about":[{"href":"http:\/\/pkas.cz\/index.php?rest_route=\/wp\/v2\/types\/post"}],"author":[{"embeddable":true,"href":"http:\/\/pkas.cz\/index.php?rest_route=\/wp\/v2\/users\/2"}],"replies":[{"embeddable":true,"href":"http:\/\/pkas.cz\/index.php?rest_route=%2Fwp%2Fv2%2Fcomments&post=3640"}],"version-history":[{"count":3,"href":"http:\/\/pkas.cz\/index.php?rest_route=\/wp\/v2\/posts\/3640\/revisions"}],"predecessor-version":[{"id":3651,"href":"http:\/\/pkas.cz\/index.php?rest_route=\/wp\/v2\/posts\/3640\/revisions\/3651"}],"wp:featuredmedia":[{"embeddable":true,"href":"http:\/\/pkas.cz\/index.php?rest_route=\/wp\/v2\/media\/3650"}],"wp:attachment":[{"href":"http:\/\/pkas.cz\/index.php?rest_route=%2Fwp%2Fv2%2Fmedia&parent=3640"}],"wp:term":[{"taxonomy":"category","embeddable":true,"href":"http:\/\/pkas.cz\/index.php?rest_route=%2Fwp%2Fv2%2Fcategories&post=3640"},{"taxonomy":"post_tag","embeddable":true,"href":"http:\/\/pkas.cz\/index.php?rest_route=%2Fwp%2Fv2%2Ftags&post=3640"}],"curies":[{"name":"wp","href":"https:\/\/api.w.org\/{rel}","templated":true}]}}