{"id":3638,"date":"2023-06-07T08:02:10","date_gmt":"2023-06-07T06:02:10","guid":{"rendered":"http:\/\/pkas.cz\/?p=3638"},"modified":"2023-06-07T08:02:10","modified_gmt":"2023-06-07T06:02:10","slug":"mcr-ve-vicebojich-tri-medailove-uspechy","status":"publish","type":"post","link":"http:\/\/pkas.cz\/?p=3638","title":{"rendered":"M\u010cR ve v\u00edceboj\u00edch: T\u0159i medailov\u00e9 \u00fasp\u011bchy"},"content":{"rendered":"<h1>M\u010cR ve v\u00edceboj\u00edch: T\u0159i medailov\u00e9 \u00fasp\u011bchy<\/h1>\n<p><img loading=\"lazy\" decoding=\"async\" class=\"alignnone size-medium wp-image-3634\" src=\"http:\/\/pkas.cz\/wp-content\/uploads\/2023\/06\/MCRviceboje-300x300.jpg\" alt=\"\" width=\"300\" height=\"300\" srcset=\"http:\/\/pkas.cz\/wp-content\/uploads\/2023\/06\/MCRviceboje-300x300.jpg 300w, http:\/\/pkas.cz\/wp-content\/uploads\/2023\/06\/MCRviceboje-150x150.jpg 150w, http:\/\/pkas.cz\/wp-content\/uploads\/2023\/06\/MCRviceboje.jpg 683w\" sizes=\"(max-width: 300px) 100vw, 300px\" \/><\/p>\n<p>V P\u0159erov\u011b se o prvn\u00edm \u010dervnov\u00e9m v\u00edkendu uskute\u010dnilo M\u010cR ve v\u00edceboj\u00edch a neztratili si i barvy Z\u00e1pado\u010dech\u016f, kte\u0159\u00ed dos\u00e1hli na trojici medail\u00ed.<\/p>\n<p>Hned dv\u011b medaile z\u00edskaly dorostenky. St\u0159\u00edbro si ve dvoudenn\u00edm sedmiboja\u0159sk\u00e9m kl\u00e1n\u00ed na krk pov\u011bsila <strong>Ad\u00e9la Han\u00e1kov\u00e1 <\/strong>za v\u00fdkon rovn\u00fdch 5200 bod\u016f. Bronz a prvn\u00ed velkou individu\u00e1ln\u00ed medaili z M\u010cR z\u00edskala <strong>Ane\u017eka Kr\u00e1lov\u00e1 <\/strong>v\u00fdkonem 4972 bod\u016f.<\/p>\n<p>St\u0159\u00edbrnou medail\u00ed se m\u016f\u017ee py\u0161nit i <strong>Kate\u0159ina Salzmannov\u00e1<\/strong>, kter\u00e1 v juniorsk\u00e9m z\u00e1vod\u011b p\u0159ekonala o 16 bod\u016f 5000 hranici.<\/p>\n<p>&nbsp;<\/p>\n<p>DAL\u0160\u00cd \u00daSP\u011a\u0160N\u00c9 V\u00ddSLEDKY v p\u0159ehledu <a href=\"https:\/\/online.atletika.cz\/vysledky\/65733\/0\/4\">ZDE<\/a><\/p>\n<p>&nbsp;<\/p>\n","protected":false},"excerpt":{"rendered":"<p>M\u010cR ve v\u00edceboj\u00edch: T\u0159i medailov\u00e9 \u00fasp\u011bchy V P\u0159erov\u011b se o prvn\u00edm \u010dervnov\u00e9m v\u00edkendu uskute\u010dnilo M\u010cR ve v\u00edceboj\u00edch a neztratili si i barvy Z\u00e1pado\u010dech\u016f, kte\u0159\u00ed dos\u00e1hli&hellip;<\/p>\n","protected":false},"author":2,"featured_media":3634,"comment_status":"closed","ping_status":"closed","sticky":false,"template":"","format":"standard","meta":{"footnotes":""},"categories":[1],"tags":[],"jetpack_sharing_enabled":true,"jetpack_featured_media_url":"http:\/\/pkas.cz\/wp-content\/uploads\/2023\/06\/MCRviceboje.jpg","_links":{"self":[{"href":"http:\/\/pkas.cz\/index.php?rest_route=\/wp\/v2\/posts\/3638"}],"collection":[{"href":"http:\/\/pkas.cz\/index.php?rest_route=\/wp\/v2\/posts"}],"about":[{"href":"http:\/\/pkas.cz\/index.php?rest_route=\/wp\/v2\/types\/post"}],"author":[{"embeddable":true,"href":"http:\/\/pkas.cz\/index.php?rest_route=\/wp\/v2\/users\/2"}],"replies":[{"embeddable":true,"href":"http:\/\/pkas.cz\/index.php?rest_route=%2Fwp%2Fv2%2Fcomments&post=3638"}],"version-history":[{"count":1,"href":"http:\/\/pkas.cz\/index.php?rest_route=\/wp\/v2\/posts\/3638\/revisions"}],"predecessor-version":[{"id":3639,"href":"http:\/\/pkas.cz\/index.php?rest_route=\/wp\/v2\/posts\/3638\/revisions\/3639"}],"wp:featuredmedia":[{"embeddable":true,"href":"http:\/\/pkas.cz\/index.php?rest_route=\/wp\/v2\/media\/3634"}],"wp:attachment":[{"href":"http:\/\/pkas.cz\/index.php?rest_route=%2Fwp%2Fv2%2Fmedia&parent=3638"}],"wp:term":[{"taxonomy":"category","embeddable":true,"href":"http:\/\/pkas.cz\/index.php?rest_route=%2Fwp%2Fv2%2Fcategories&post=3638"},{"taxonomy":"post_tag","embeddable":true,"href":"http:\/\/pkas.cz\/index.php?rest_route=%2Fwp%2Fv2%2Ftags&post=3638"}],"curies":[{"name":"wp","href":"https:\/\/api.w.org\/{rel}","templated":true}]}}