{"id":3628,"date":"2023-06-07T07:41:55","date_gmt":"2023-06-07T05:41:55","guid":{"rendered":"http:\/\/pkas.cz\/?p=3628"},"modified":"2023-06-07T07:45:56","modified_gmt":"2023-06-07T05:45:56","slug":"i-a-ii-liga-muzu-a-zen","status":"publish","type":"post","link":"http:\/\/pkas.cz\/?p=3628","title":{"rendered":"I. a II. liga mu\u017e\u016f a \u017een"},"content":{"rendered":"<h1>I. a II. liga mu\u017e\u016f a \u017een<\/h1>\n<figure id=\"attachment_717\" aria-describedby=\"caption-attachment-717\" style=\"width: 300px\" class=\"wp-caption alignnone\"><img loading=\"lazy\" decoding=\"async\" class=\"size-medium wp-image-717\" src=\"http:\/\/pkas.cz\/wp-content\/uploads\/2020\/01\/PKAS_logo-pr\u016fhledn\u00fd-e1663571776431-300x225.png\" alt=\"logo_new\" width=\"300\" height=\"225\" \/><figcaption id=\"caption-attachment-717\" class=\"wp-caption-text\">Nov\u00e9 logo PKAS<\/figcaption><\/figure>\n<p>O posledn\u00edm kv\u011btnov\u00e9m v\u00edkendu se tak\u00e9 konalo 2. kolo ligov\u00fdch sout\u011b\u017e\u00ed.<\/p>\n<p>Pra\u017esk\u00e1 Slavia hostila prvoligovou sout\u011b\u017e, kde m\u00e1me z\u00e1stupce v podob\u011b \u017een z Pet\u0159\u00edna a mu\u017e\u016f z AC Doma\u017elice.<\/p>\n<p>V t\u00e9to sez\u00f3n\u011b se da\u0159\u00ed \u017een\u00e1m ze Sokola Pet\u0159\u00edn, kdy\u017e i ve druh\u00e9m kole obsadily 2. m\u00edsto, mu\u017ei Doma\u017elic nav\u00e1zali na prvn\u00ed kolo rovn\u011b\u017e t\u0159et\u00edm m\u00edstem a dr\u017e\u00ed si rovn\u011b\u017e t\u0159et\u00ed m\u00edsto v tabulce v polovin\u011b sout\u011b\u017ee.<\/p>\n<p><a href=\"https:\/\/online.atletika.cz\/vysledky\/67598\/0\/5\">V\u00ddSLEDKY 2 KOLA<\/a><\/p>\n<p>Ve II. lize po druh\u00e9m kole dr\u017e\u00ed na\u0161i z\u00e1stupci nejl\u00e9pe druh\u00e1 m\u00edsta. V mu\u017e\u00edch jsou to atleti z Klatov a \u017een\u00e1ch rezervn\u00ed t\u00fdm \u0160kody Plze\u0148.\u00a0 Mu\u017ei \u0160kody B a \u017eeny St\u0159\u00edbra jsou \u010dtvrt\u00e9. O udr\u017een\u00ed v sout\u011b\u017ei budou bojovat \u017eeny z Klatov, kter\u00e9 zat\u00edm figuruj\u00ed na osm\u00e9m m\u00edst\u011b.<\/p>\n<p><a href=\"https:\/\/online.atletika.cz\/vysledky\/67614\">V\u00ddSLEDKY 2 KOLA<\/a><\/p>\n<p><a href=\"https:\/\/www.atletika.cz\/_sys_\/FileStorage\/download\/19\/18764\/tabulka-druzstev-2023-po-2-kole.pdf\">PR\u016eB\u011a\u017dN\u00c9 TABULKY PO 2 KOLECH<\/a><\/p>\n<p>&nbsp;<\/p>\n<p>&nbsp;<\/p>\n<p>&nbsp;<\/p>\n","protected":false},"excerpt":{"rendered":"<p>I. a II. liga mu\u017e\u016f a \u017een O posledn\u00edm kv\u011btnov\u00e9m v\u00edkendu se tak\u00e9 konalo 2. kolo ligov\u00fdch sout\u011b\u017e\u00ed. Pra\u017esk\u00e1 Slavia hostila prvoligovou sout\u011b\u017e, kde m\u00e1me&hellip;<\/p>\n","protected":false},"author":2,"featured_media":717,"comment_status":"closed","ping_status":"closed","sticky":false,"template":"","format":"standard","meta":{"footnotes":""},"categories":[1],"tags":[],"jetpack_sharing_enabled":true,"jetpack_featured_media_url":"http:\/\/pkas.cz\/wp-content\/uploads\/2020\/01\/PKAS_logo-pr\u016fhledn\u00fd.png","_links":{"self":[{"href":"http:\/\/pkas.cz\/index.php?rest_route=\/wp\/v2\/posts\/3628"}],"collection":[{"href":"http:\/\/pkas.cz\/index.php?rest_route=\/wp\/v2\/posts"}],"about":[{"href":"http:\/\/pkas.cz\/index.php?rest_route=\/wp\/v2\/types\/post"}],"author":[{"embeddable":true,"href":"http:\/\/pkas.cz\/index.php?rest_route=\/wp\/v2\/users\/2"}],"replies":[{"embeddable":true,"href":"http:\/\/pkas.cz\/index.php?rest_route=%2Fwp%2Fv2%2Fcomments&post=3628"}],"version-history":[{"count":2,"href":"http:\/\/pkas.cz\/index.php?rest_route=\/wp\/v2\/posts\/3628\/revisions"}],"predecessor-version":[{"id":3632,"href":"http:\/\/pkas.cz\/index.php?rest_route=\/wp\/v2\/posts\/3628\/revisions\/3632"}],"wp:featuredmedia":[{"embeddable":true,"href":"http:\/\/pkas.cz\/index.php?rest_route=\/wp\/v2\/media\/717"}],"wp:attachment":[{"href":"http:\/\/pkas.cz\/index.php?rest_route=%2Fwp%2Fv2%2Fmedia&parent=3628"}],"wp:term":[{"taxonomy":"category","embeddable":true,"href":"http:\/\/pkas.cz\/index.php?rest_route=%2Fwp%2Fv2%2Fcategories&post=3628"},{"taxonomy":"post_tag","embeddable":true,"href":"http:\/\/pkas.cz\/index.php?rest_route=%2Fwp%2Fv2%2Ftags&post=3628"}],"curies":[{"name":"wp","href":"https:\/\/api.w.org\/{rel}","templated":true}]}}