{"id":3625,"date":"2023-05-29T13:47:41","date_gmt":"2023-05-29T11:47:41","guid":{"rendered":"http:\/\/pkas.cz\/?p=3625"},"modified":"2023-05-29T13:52:34","modified_gmt":"2023-05-29T11:52:34","slug":"zeny-skody-plzen-ovladli-zakladni-cast-extraligy","status":"publish","type":"post","link":"http:\/\/pkas.cz\/?p=3625","title":{"rendered":"\u017deny \u0160kody Plze\u0148 ovl\u00e1dly z\u00e1kladn\u00ed \u010d\u00e1st Extraligy"},"content":{"rendered":"<h1>\u017deny \u0160kody Plze\u0148 ovl\u00e1dly z\u00e1kladn\u00ed \u010d\u00e1st Extraligy<\/h1>\n<figure id=\"attachment_3626\" aria-describedby=\"caption-attachment-3626\" style=\"width: 300px\" class=\"wp-caption alignnone\"><img loading=\"lazy\" decoding=\"async\" class=\"size-medium wp-image-3626\" src=\"http:\/\/pkas.cz\/wp-content\/uploads\/2023\/05\/extraligove-tymy-300x225.jpg\" alt=\"\" width=\"300\" height=\"225\" srcset=\"http:\/\/pkas.cz\/wp-content\/uploads\/2023\/05\/extraligove-tymy-300x225.jpg 300w, http:\/\/pkas.cz\/wp-content\/uploads\/2023\/05\/extraligove-tymy.jpg 720w\" sizes=\"(max-width: 300px) 100vw, 300px\" \/><figcaption id=\"caption-attachment-3626\" class=\"wp-caption-text\">fotozdroj Facebook AK \u0160KODA Plze\u0148<\/figcaption><\/figure>\n<p>Plze\u0148 hostila 27.5. 2. kolo extraligov\u00e9ho kl\u00e1n\u00ed a dom\u00e1c\u00edm se poda\u0159ilo zabojovat o p\u0159\u00ed\u010dky nejvy\u0161\u0161\u00ed. \u017eerny i ve druh\u00e9m kole nepoznaly ho\u0159kost por\u00e1\u017eky a vyhr\u00e1ly o cel\u00fdch 56 bod\u016f p\u0159ed nejv\u011bt\u0161\u00edmi favoritkami sout\u011b\u017ee USK Praha.<\/p>\n<p>Da\u0159ilo se i mu\u017e\u016fm, kte\u0159\u00ed si polep\u0161ili ve druh\u00e9m kole o jedno m\u00edsto a skon\u010dili se ziskem 306,5 bodu a zaostali za v\u00edt\u011bzem z Univerzita Brno o 21,5 bodu.<\/p>\n<p>Z individu\u00e1ln\u00edch v\u00fdkon\u016f:<\/p>\n<p>Jakub Peterka 10,57s na 100m, pouze 1 setinu za absolutn\u00edm krajsk\u00fdm rekordem a nov\u00fd juniorsk\u00fd rekord<\/p>\n<p>Tereze Petr\u017e\u00edlkov\u00e1 na 200m bohu\u017eel v\u011brn\u00fd \u010das, ale 23,35s, to by znamenal tak\u00e9 nov\u00fd krajsk\u00fd rekord a 400m za 52,26s t\u011bsn\u00fd za PB.<\/p>\n<p>Michal Forejt, poprv\u00e9 za 61m v hodu diskem &#8211; 61,28m.<\/p>\n<p>Michal Haidelmeier zab\u011bhl limit na ME junior\u016f v b\u011bhu na 400m p\u0159. v\u00fdkonem 51,80s.<\/p>\n<p>&nbsp;<\/p>\n<p><a href=\"https:\/\/online.atletika.cz\/vysledky\/65796\/0\/5\">KOMPLETN\u00cd V\u00ddSLEDKY<\/a><\/p>\n<p>&nbsp;<\/p>\n","protected":false},"excerpt":{"rendered":"<p>\u017deny \u0160kody Plze\u0148 ovl\u00e1dly z\u00e1kladn\u00ed \u010d\u00e1st Extraligy Plze\u0148 hostila 27.5. 2. kolo extraligov\u00e9ho kl\u00e1n\u00ed a dom\u00e1c\u00edm se poda\u0159ilo zabojovat o p\u0159\u00ed\u010dky nejvy\u0161\u0161\u00ed. \u017eerny i ve&hellip;<\/p>\n","protected":false},"author":2,"featured_media":3626,"comment_status":"closed","ping_status":"closed","sticky":false,"template":"","format":"standard","meta":{"footnotes":""},"categories":[1],"tags":[],"jetpack_sharing_enabled":true,"jetpack_featured_media_url":"http:\/\/pkas.cz\/wp-content\/uploads\/2023\/05\/extraligove-tymy.jpg","_links":{"self":[{"href":"http:\/\/pkas.cz\/index.php?rest_route=\/wp\/v2\/posts\/3625"}],"collection":[{"href":"http:\/\/pkas.cz\/index.php?rest_route=\/wp\/v2\/posts"}],"about":[{"href":"http:\/\/pkas.cz\/index.php?rest_route=\/wp\/v2\/types\/post"}],"author":[{"embeddable":true,"href":"http:\/\/pkas.cz\/index.php?rest_route=\/wp\/v2\/users\/2"}],"replies":[{"embeddable":true,"href":"http:\/\/pkas.cz\/index.php?rest_route=%2Fwp%2Fv2%2Fcomments&post=3625"}],"version-history":[{"count":2,"href":"http:\/\/pkas.cz\/index.php?rest_route=\/wp\/v2\/posts\/3625\/revisions"}],"predecessor-version":[{"id":3630,"href":"http:\/\/pkas.cz\/index.php?rest_route=\/wp\/v2\/posts\/3625\/revisions\/3630"}],"wp:featuredmedia":[{"embeddable":true,"href":"http:\/\/pkas.cz\/index.php?rest_route=\/wp\/v2\/media\/3626"}],"wp:attachment":[{"href":"http:\/\/pkas.cz\/index.php?rest_route=%2Fwp%2Fv2%2Fmedia&parent=3625"}],"wp:term":[{"taxonomy":"category","embeddable":true,"href":"http:\/\/pkas.cz\/index.php?rest_route=%2Fwp%2Fv2%2Fcategories&post=3625"},{"taxonomy":"post_tag","embeddable":true,"href":"http:\/\/pkas.cz\/index.php?rest_route=%2Fwp%2Fv2%2Ftags&post=3625"}],"curies":[{"name":"wp","href":"https:\/\/api.w.org\/{rel}","templated":true}]}}