{"id":3619,"date":"2023-05-27T08:13:56","date_gmt":"2023-05-27T06:13:56","guid":{"rendered":"http:\/\/pkas.cz\/?p=3619"},"modified":"2023-05-27T08:19:32","modified_gmt":"2023-05-27T06:19:32","slug":"om-jednotlivcu-muzu-zen-junioru-a-dorostu-pkas-a-kkas","status":"publish","type":"post","link":"http:\/\/pkas.cz\/?p=3619","title":{"rendered":"OM jednotlivc\u016f mu\u017e\u016f, \u017een, junior\u016f a dorostu PKAS A KKAS"},"content":{"rendered":"<h1>OM jednotlivc\u016f mu\u017e\u016f, \u017een, junior\u016f a dorostu PKAS A KKAS<\/h1>\n<p><img loading=\"lazy\" decoding=\"async\" class=\"alignnone size-medium wp-image-3620\" src=\"http:\/\/pkas.cz\/wp-content\/uploads\/2023\/05\/krajakydomazlice2023-300x300.jpg\" alt=\"\" width=\"300\" height=\"300\" srcset=\"http:\/\/pkas.cz\/wp-content\/uploads\/2023\/05\/krajakydomazlice2023-300x300.jpg 300w, http:\/\/pkas.cz\/wp-content\/uploads\/2023\/05\/krajakydomazlice2023-1024x1024.jpg 1024w, http:\/\/pkas.cz\/wp-content\/uploads\/2023\/05\/krajakydomazlice2023-150x150.jpg 150w, http:\/\/pkas.cz\/wp-content\/uploads\/2023\/05\/krajakydomazlice2023-768x768.jpg 768w, http:\/\/pkas.cz\/wp-content\/uploads\/2023\/05\/krajakydomazlice2023.jpg 1440w\" sizes=\"(max-width: 300px) 100vw, 300px\" \/><\/p>\n<p>Fotozdroj AK \u0160KODA Plze\u0148<\/p>\n<p>V ned\u011bli pat\u0159il stadion v Doma\u017elic\u00edch &#8222;kraj\u00e1k\u016fm&#8220; jednotlivc\u016f, tentokr\u00e1t to bylo mistrovstv\u00ed pouze dvou kraj\u016f a to Plze\u0148sk\u00e9ho a Karlovarsk\u00e9ho. Na start se postavilo celkem 254 z\u00e1vodn\u00edk\u016f z 19 odd\u00edl\u016f.<\/p>\n<p>V r\u00e1mci z\u00e1vod\u016f padl i jeden aktu\u00e1ln\u00ed top v\u00fdkon v republice, o kter\u00fd se postarala Ad\u00e9la Han\u00e1kov\u00e1 (SKPLZ) v hodu o\u0161t\u011bpem dorostu v\u00fdkonem 47,77m.<\/p>\n<p><a href=\"https:\/\/online.atletika.cz\/vysledky\/68021\/1060\">KOMPLETN\u00cd V\u00ddSLEDKY<\/a><\/p>\n<p>&nbsp;<\/p>\n","protected":false},"excerpt":{"rendered":"<p>OM jednotlivc\u016f mu\u017e\u016f, \u017een, junior\u016f a dorostu PKAS A KKAS Fotozdroj AK \u0160KODA Plze\u0148 V ned\u011bli pat\u0159il stadion v Doma\u017elic\u00edch &#8222;kraj\u00e1k\u016fm&#8220; jednotlivc\u016f, tentokr\u00e1t to bylo&hellip;<\/p>\n","protected":false},"author":2,"featured_media":3623,"comment_status":"closed","ping_status":"closed","sticky":false,"template":"","format":"standard","meta":{"footnotes":""},"categories":[1],"tags":[],"jetpack_sharing_enabled":true,"jetpack_featured_media_url":"http:\/\/pkas.cz\/wp-content\/uploads\/2023\/05\/krajakydomazlice2023-1.jpg","_links":{"self":[{"href":"http:\/\/pkas.cz\/index.php?rest_route=\/wp\/v2\/posts\/3619"}],"collection":[{"href":"http:\/\/pkas.cz\/index.php?rest_route=\/wp\/v2\/posts"}],"about":[{"href":"http:\/\/pkas.cz\/index.php?rest_route=\/wp\/v2\/types\/post"}],"author":[{"embeddable":true,"href":"http:\/\/pkas.cz\/index.php?rest_route=\/wp\/v2\/users\/2"}],"replies":[{"embeddable":true,"href":"http:\/\/pkas.cz\/index.php?rest_route=%2Fwp%2Fv2%2Fcomments&post=3619"}],"version-history":[{"count":2,"href":"http:\/\/pkas.cz\/index.php?rest_route=\/wp\/v2\/posts\/3619\/revisions"}],"predecessor-version":[{"id":3622,"href":"http:\/\/pkas.cz\/index.php?rest_route=\/wp\/v2\/posts\/3619\/revisions\/3622"}],"wp:featuredmedia":[{"embeddable":true,"href":"http:\/\/pkas.cz\/index.php?rest_route=\/wp\/v2\/media\/3623"}],"wp:attachment":[{"href":"http:\/\/pkas.cz\/index.php?rest_route=%2Fwp%2Fv2%2Fmedia&parent=3619"}],"wp:term":[{"taxonomy":"category","embeddable":true,"href":"http:\/\/pkas.cz\/index.php?rest_route=%2Fwp%2Fv2%2Fcategories&post=3619"},{"taxonomy":"post_tag","embeddable":true,"href":"http:\/\/pkas.cz\/index.php?rest_route=%2Fwp%2Fv2%2Ftags&post=3619"}],"curies":[{"name":"wp","href":"https:\/\/api.w.org\/{rel}","templated":true}]}}