{"id":3612,"date":"2023-05-27T07:43:49","date_gmt":"2023-05-27T05:43:49","guid":{"rendered":"http:\/\/pkas.cz\/?p=3612"},"modified":"2023-05-27T07:43:49","modified_gmt":"2023-05-27T05:43:49","slug":"2-kolo-omd-mladsiho-zactva","status":"publish","type":"post","link":"http:\/\/pkas.cz\/?p=3612","title":{"rendered":"2. kolo OMD mlad\u0161\u00edho \u017eactva"},"content":{"rendered":"<h1><strong>2. kolo OMD mlad\u0161\u00edho \u017eactva<\/strong><\/h1>\n<p><img loading=\"lazy\" decoding=\"async\" class=\"alignnone size-medium wp-image-3615\" src=\"http:\/\/pkas.cz\/wp-content\/uploads\/2023\/05\/2.kolo-OMD-300x218.jpg\" alt=\"\" width=\"300\" height=\"218\" srcset=\"http:\/\/pkas.cz\/wp-content\/uploads\/2023\/05\/2.kolo-OMD-300x218.jpg 300w, http:\/\/pkas.cz\/wp-content\/uploads\/2023\/05\/2.kolo-OMD-1024x743.jpg 1024w, http:\/\/pkas.cz\/wp-content\/uploads\/2023\/05\/2.kolo-OMD-768x557.jpg 768w, http:\/\/pkas.cz\/wp-content\/uploads\/2023\/05\/2.kolo-OMD-1536x1114.jpg 1536w, http:\/\/pkas.cz\/wp-content\/uploads\/2023\/05\/2.kolo-OMD.jpg 2000w\" sizes=\"(max-width: 300px) 100vw, 300px\" \/><\/p>\n<p>Fotografie Helena Smol\u00edkov\u00e1, 2. kolo OMD v N\u00fd\u0159anech<\/p>\n<p>Druh\u00e9 kolo OMD mlad\u0161\u00edho \u017eactva hostila Atletika Klatovy a Atletclub N\u00fd\u0159any.<\/p>\n<p>P\u0159in\u00e1\u0161\u00edme V\u00ddSLEDKY<\/p>\n<p><a href=\"https:\/\/online.atletika.cz\/vysledky\/68022\/0\/3\">SKUPINA A &#8211; KLATOVY<\/a><\/p>\n<p><a href=\"https:\/\/online.atletika.cz\/vysledky\/68023\/0\/3\">SKUPINA B &#8211; N\u00dd\u0158ANY<\/a><\/p>\n<p>ZPRAVODAJE \u0154P<\/p>\n<p><a href=\"http:\/\/pkas.cz\/wp-content\/uploads\/2023\/05\/Zpravodaj-z-druheho-kola-OMD-mladsich-zaku-a-zakyn-1.pdf\">SKUPINA A &#8211; BARBORA FI\u0160OROV\u00c1<\/a><\/p>\n<p><a href=\"http:\/\/pkas.cz\/wp-content\/uploads\/2023\/05\/Zpravodaj-OMD-ml.-zactvo-2.-kolo-sk.-B.doc\">SKUPINA B ROMAN SLADK\u00dd<\/a><\/p>\n","protected":false},"excerpt":{"rendered":"<p>2. kolo OMD mlad\u0161\u00edho \u017eactva Fotografie Helena Smol\u00edkov\u00e1, 2. kolo OMD v N\u00fd\u0159anech Druh\u00e9 kolo OMD mlad\u0161\u00edho \u017eactva hostila Atletika Klatovy a Atletclub N\u00fd\u0159any. P\u0159in\u00e1\u0161\u00edme&hellip;<\/p>\n","protected":false},"author":2,"featured_media":3615,"comment_status":"closed","ping_status":"closed","sticky":false,"template":"","format":"standard","meta":{"footnotes":""},"categories":[1],"tags":[],"jetpack_sharing_enabled":true,"jetpack_featured_media_url":"http:\/\/pkas.cz\/wp-content\/uploads\/2023\/05\/2.kolo-OMD.jpg","_links":{"self":[{"href":"http:\/\/pkas.cz\/index.php?rest_route=\/wp\/v2\/posts\/3612"}],"collection":[{"href":"http:\/\/pkas.cz\/index.php?rest_route=\/wp\/v2\/posts"}],"about":[{"href":"http:\/\/pkas.cz\/index.php?rest_route=\/wp\/v2\/types\/post"}],"author":[{"embeddable":true,"href":"http:\/\/pkas.cz\/index.php?rest_route=\/wp\/v2\/users\/2"}],"replies":[{"embeddable":true,"href":"http:\/\/pkas.cz\/index.php?rest_route=%2Fwp%2Fv2%2Fcomments&post=3612"}],"version-history":[{"count":1,"href":"http:\/\/pkas.cz\/index.php?rest_route=\/wp\/v2\/posts\/3612\/revisions"}],"predecessor-version":[{"id":3616,"href":"http:\/\/pkas.cz\/index.php?rest_route=\/wp\/v2\/posts\/3612\/revisions\/3616"}],"wp:featuredmedia":[{"embeddable":true,"href":"http:\/\/pkas.cz\/index.php?rest_route=\/wp\/v2\/media\/3615"}],"wp:attachment":[{"href":"http:\/\/pkas.cz\/index.php?rest_route=%2Fwp%2Fv2%2Fmedia&parent=3612"}],"wp:term":[{"taxonomy":"category","embeddable":true,"href":"http:\/\/pkas.cz\/index.php?rest_route=%2Fwp%2Fv2%2Fcategories&post=3612"},{"taxonomy":"post_tag","embeddable":true,"href":"http:\/\/pkas.cz\/index.php?rest_route=%2Fwp%2Fv2%2Ftags&post=3612"}],"curies":[{"name":"wp","href":"https:\/\/api.w.org\/{rel}","templated":true}]}}