{"id":3609,"date":"2023-05-27T07:23:39","date_gmt":"2023-05-27T05:23:39","guid":{"rendered":"http:\/\/pkas.cz\/?p=3609"},"modified":"2023-05-27T07:23:39","modified_gmt":"2023-05-27T05:23:39","slug":"krajske-finale-poharu-rozhlasu-2","status":"publish","type":"post","link":"http:\/\/pkas.cz\/?p=3609","title":{"rendered":"Krajsk\u00e9 fin\u00e1le Poh\u00e1ru rozhlasu"},"content":{"rendered":"<h1>Krajsk\u00e9 fin\u00e1le Poh\u00e1ru rozhlasu<\/h1>\n<p><img loading=\"lazy\" decoding=\"async\" class=\"alignnone size-medium wp-image-3610\" src=\"http:\/\/pkas.cz\/wp-content\/uploads\/2023\/05\/krajske-finalePR2023-300x225.jpg\" alt=\"\" width=\"300\" height=\"225\" srcset=\"http:\/\/pkas.cz\/wp-content\/uploads\/2023\/05\/krajske-finalePR2023-300x225.jpg 300w, http:\/\/pkas.cz\/wp-content\/uploads\/2023\/05\/krajske-finalePR2023-1024x768.jpg 1024w, http:\/\/pkas.cz\/wp-content\/uploads\/2023\/05\/krajske-finalePR2023-768x576.jpg 768w, http:\/\/pkas.cz\/wp-content\/uploads\/2023\/05\/krajske-finalePR2023-1536x1152.jpg 1536w, http:\/\/pkas.cz\/wp-content\/uploads\/2023\/05\/krajske-finalePR2023.jpg 2016w\" sizes=\"(max-width: 300px) 100vw, 300px\" \/><\/p>\n<p>Z\u00e1stupci dom\u00e1c\u00ed Z\u0160 Komensk\u00e9ho 17, Doma\u017elice<\/p>\n<p>25. kv\u011btna se vr\u00e1tilo po dlouh\u00fdch dev\u00edti letech Krajsk\u00e9 fin\u00e1le Poh\u00e1ru rozhlasu do Doma\u017elic. Osm nejlep\u0161\u00edch krajsk\u00fdch dru\u017estev v ka\u017ed\u00e9 kategorii z\u00e1vodilo v \u0161esti discipl\u00edn\u00e1ch o titul nejlep\u0161\u00edho mu\u017estva v kraji a z\u00e1rove\u0148 o co nejlep\u0161\u00ed v\u00fdsledek, kter\u00fd by je mohl kvalifikovat na republikov\u00e9 fin\u00e1le.<\/p>\n<p>P\u0158EHLED V\u00cdT\u011aZ\u016e:<\/p>\n<p><strong>Star\u0161\u00ed \u017e\u00e1ci: Z\u0160 Komensk\u00e9ho 17, Doma\u017elice<\/strong><\/p>\n<p><strong>Star\u0161\u00ed \u017e\u00e1kyn\u011b: Gymn\u00e1zium Klatovy<\/strong><\/p>\n<p><strong>Mlad\u0161\u00ed \u017e\u00e1ci: 31. Z\u0160 Plze\u0148<\/strong><\/p>\n<p><strong>Mlad\u0161\u00ed \u017e\u00e1kyn\u011b: 1. Z\u0160 Plze\u0148<\/strong><\/p>\n<p><a href=\"https:\/\/online.atletika.cz\/vysledky\/20004\">P\u0158EHLED V\u00ddSLEDK\u016e<\/a><\/p>\n<p>&nbsp;<\/p>\n","protected":false},"excerpt":{"rendered":"<p>Krajsk\u00e9 fin\u00e1le Poh\u00e1ru rozhlasu Z\u00e1stupci dom\u00e1c\u00ed Z\u0160 Komensk\u00e9ho 17, Doma\u017elice 25. kv\u011btna se vr\u00e1tilo po dlouh\u00fdch dev\u00edti letech Krajsk\u00e9 fin\u00e1le Poh\u00e1ru rozhlasu do Doma\u017elic. Osm&hellip;<\/p>\n","protected":false},"author":2,"featured_media":3610,"comment_status":"closed","ping_status":"closed","sticky":false,"template":"","format":"standard","meta":{"footnotes":""},"categories":[1],"tags":[],"jetpack_sharing_enabled":true,"jetpack_featured_media_url":"http:\/\/pkas.cz\/wp-content\/uploads\/2023\/05\/krajske-finalePR2023.jpg","_links":{"self":[{"href":"http:\/\/pkas.cz\/index.php?rest_route=\/wp\/v2\/posts\/3609"}],"collection":[{"href":"http:\/\/pkas.cz\/index.php?rest_route=\/wp\/v2\/posts"}],"about":[{"href":"http:\/\/pkas.cz\/index.php?rest_route=\/wp\/v2\/types\/post"}],"author":[{"embeddable":true,"href":"http:\/\/pkas.cz\/index.php?rest_route=\/wp\/v2\/users\/2"}],"replies":[{"embeddable":true,"href":"http:\/\/pkas.cz\/index.php?rest_route=%2Fwp%2Fv2%2Fcomments&post=3609"}],"version-history":[{"count":1,"href":"http:\/\/pkas.cz\/index.php?rest_route=\/wp\/v2\/posts\/3609\/revisions"}],"predecessor-version":[{"id":3611,"href":"http:\/\/pkas.cz\/index.php?rest_route=\/wp\/v2\/posts\/3609\/revisions\/3611"}],"wp:featuredmedia":[{"embeddable":true,"href":"http:\/\/pkas.cz\/index.php?rest_route=\/wp\/v2\/media\/3610"}],"wp:attachment":[{"href":"http:\/\/pkas.cz\/index.php?rest_route=%2Fwp%2Fv2%2Fmedia&parent=3609"}],"wp:term":[{"taxonomy":"category","embeddable":true,"href":"http:\/\/pkas.cz\/index.php?rest_route=%2Fwp%2Fv2%2Fcategories&post=3609"},{"taxonomy":"post_tag","embeddable":true,"href":"http:\/\/pkas.cz\/index.php?rest_route=%2Fwp%2Fv2%2Ftags&post=3609"}],"curies":[{"name":"wp","href":"https:\/\/api.w.org\/{rel}","templated":true}]}}