{"id":3606,"date":"2023-05-27T06:58:52","date_gmt":"2023-05-27T04:58:52","guid":{"rendered":"http:\/\/pkas.cz\/?p=3606"},"modified":"2023-05-27T06:58:52","modified_gmt":"2023-05-27T04:58:52","slug":"jaromir-moravek-na-me-v-chuzi-v-podebradech","status":"publish","type":"post","link":"http:\/\/pkas.cz\/?p=3606","title":{"rendered":"Jarom\u00edr Mor\u00e1vek na ME v ch\u016fzi v Pod\u011bbradech"},"content":{"rendered":"<h1>Jarom\u00edr Mor\u00e1vek na ME v ch\u016fzi v Pod\u011bbradech<\/h1>\n<p><img loading=\"lazy\" decoding=\"async\" class=\"alignnone size-medium wp-image-3607\" src=\"http:\/\/pkas.cz\/wp-content\/uploads\/2023\/05\/JAROMIRMORAVEK-CHUZE-ME2023-300x300.jpg\" alt=\"\" width=\"300\" height=\"300\" srcset=\"http:\/\/pkas.cz\/wp-content\/uploads\/2023\/05\/JAROMIRMORAVEK-CHUZE-ME2023-300x300.jpg 300w, http:\/\/pkas.cz\/wp-content\/uploads\/2023\/05\/JAROMIRMORAVEK-CHUZE-ME2023-150x150.jpg 150w, http:\/\/pkas.cz\/wp-content\/uploads\/2023\/05\/JAROMIRMORAVEK-CHUZE-ME2023.jpg 526w\" sizes=\"(max-width: 300px) 100vw, 300px\" \/><\/p>\n<p>Plze\u0148sk\u00fd borec Jarom\u00edr Mor\u00e1vek startoval na MIstrovstv\u00ed Evropy dru\u017estev v ch\u016fzi v Pod\u011bbradech. Sv\u00fdm v\u00fdkonem 1:27,33 hod si na trati 20km vytvo\u0159il nov\u00fd osobn\u00ed rekord a splnil limit na ME do 22 let, kter\u00e9 se bude konat ve Finsku. V celkov\u00e9m po\u0159ad\u00ed sko\u010dil Jarom\u00edr na 27.m\u00edst\u011b mezi mu\u017ei. V kategorii do <span class=\"x3nfvp2 x1j61x8r x1fcty0u xdj266r xhhsvwb xat24cr xgzva0m xxymvpz xlup9mm x1kky2od\"><img loading=\"lazy\" decoding=\"async\" src=\"https:\/\/static.xx.fbcdn.net\/images\/emoji.php\/v9\/t99\/1\/16\/32_20e3.png\" alt=\"2\ufe0f\u20e3\" width=\"16\" height=\"16\" \/><\/span><span class=\"x3nfvp2 x1j61x8r x1fcty0u xdj266r xhhsvwb xat24cr xgzva0m xxymvpz xlup9mm x1kky2od\"><img loading=\"lazy\" decoding=\"async\" src=\"https:\/\/static.xx.fbcdn.net\/images\/emoji.php\/v9\/tb8\/1\/16\/33_20e3.png\" alt=\"3\ufe0f\u20e3\" width=\"16\" height=\"16\" \/><\/span> let mu v\u0161ak mezi nejlep\u0161\u00edmi chodci ze star\u00e9ho kontinentu pat\u0159\u00ed 6.m\u00edsto .<\/p>\n<p>V\u00edce informac\u00ed o prob\u011bhl\u00e9m mistrovstv\u00ed na ofici\u00e1ln\u00edm <a href=\"https:\/\/www.erwtchpodebrady.com\/\">WEBU \u0160AMPION\u00c1TU<\/a>.<\/p>\n<p>&nbsp;<\/p>\n","protected":false},"excerpt":{"rendered":"<p>Jarom\u00edr Mor\u00e1vek na ME v ch\u016fzi v Pod\u011bbradech Plze\u0148sk\u00fd borec Jarom\u00edr Mor\u00e1vek startoval na MIstrovstv\u00ed Evropy dru\u017estev v ch\u016fzi v Pod\u011bbradech. Sv\u00fdm v\u00fdkonem 1:27,33 hod&hellip;<\/p>\n","protected":false},"author":2,"featured_media":3607,"comment_status":"closed","ping_status":"closed","sticky":false,"template":"","format":"standard","meta":{"footnotes":""},"categories":[1],"tags":[],"jetpack_sharing_enabled":true,"jetpack_featured_media_url":"http:\/\/pkas.cz\/wp-content\/uploads\/2023\/05\/JAROMIRMORAVEK-CHUZE-ME2023.jpg","_links":{"self":[{"href":"http:\/\/pkas.cz\/index.php?rest_route=\/wp\/v2\/posts\/3606"}],"collection":[{"href":"http:\/\/pkas.cz\/index.php?rest_route=\/wp\/v2\/posts"}],"about":[{"href":"http:\/\/pkas.cz\/index.php?rest_route=\/wp\/v2\/types\/post"}],"author":[{"embeddable":true,"href":"http:\/\/pkas.cz\/index.php?rest_route=\/wp\/v2\/users\/2"}],"replies":[{"embeddable":true,"href":"http:\/\/pkas.cz\/index.php?rest_route=%2Fwp%2Fv2%2Fcomments&post=3606"}],"version-history":[{"count":1,"href":"http:\/\/pkas.cz\/index.php?rest_route=\/wp\/v2\/posts\/3606\/revisions"}],"predecessor-version":[{"id":3608,"href":"http:\/\/pkas.cz\/index.php?rest_route=\/wp\/v2\/posts\/3606\/revisions\/3608"}],"wp:featuredmedia":[{"embeddable":true,"href":"http:\/\/pkas.cz\/index.php?rest_route=\/wp\/v2\/media\/3607"}],"wp:attachment":[{"href":"http:\/\/pkas.cz\/index.php?rest_route=%2Fwp%2Fv2%2Fmedia&parent=3606"}],"wp:term":[{"taxonomy":"category","embeddable":true,"href":"http:\/\/pkas.cz\/index.php?rest_route=%2Fwp%2Fv2%2Fcategories&post=3606"},{"taxonomy":"post_tag","embeddable":true,"href":"http:\/\/pkas.cz\/index.php?rest_route=%2Fwp%2Fv2%2Ftags&post=3606"}],"curies":[{"name":"wp","href":"https:\/\/api.w.org\/{rel}","templated":true}]}}