{"id":3601,"date":"2023-05-27T06:47:40","date_gmt":"2023-05-27T04:47:40","guid":{"rendered":"http:\/\/pkas.cz\/?p=3601"},"modified":"2023-05-27T06:53:19","modified_gmt":"2023-05-27T04:53:19","slug":"25-zs-plzen-chvalenicka-na-republikovem-finale-stafetoveho-poharu","status":"publish","type":"post","link":"http:\/\/pkas.cz\/?p=3601","title":{"rendered":"25. Z\u0160 Plze\u0148 Chv\u00e1lenick\u00e1 na Republikov\u00e9m fin\u00e1le \u0160tafetov\u00e9ho poh\u00e1ru"},"content":{"rendered":"<h1>25. Z\u0160 Plze\u0148 Chv\u00e1lenick\u00e1 na Republikov\u00e9m fin\u00e1le \u0160tafetov\u00e9ho poh\u00e1ru<\/h1>\n<h1><img loading=\"lazy\" decoding=\"async\" class=\"size-medium wp-image-3603 alignnone\" src=\"http:\/\/pkas.cz\/wp-content\/uploads\/2023\/05\/PETRZILKOVA-STAFETAK-212x300.jpg\" alt=\"\" width=\"212\" height=\"300\" srcset=\"http:\/\/pkas.cz\/wp-content\/uploads\/2023\/05\/PETRZILKOVA-STAFETAK-212x300.jpg 212w, http:\/\/pkas.cz\/wp-content\/uploads\/2023\/05\/PETRZILKOVA-STAFETAK.jpg 509w\" sizes=\"(max-width: 212px) 100vw, 212px\" \/><img loading=\"lazy\" decoding=\"async\" class=\"alignnone  wp-image-3577\" style=\"font-size: 16px;\" src=\"http:\/\/pkas.cz\/wp-content\/uploads\/2023\/05\/stafetak20232-300x169.jpg\" alt=\"\" width=\"522\" height=\"294\" srcset=\"http:\/\/pkas.cz\/wp-content\/uploads\/2023\/05\/stafetak20232-300x169.jpg 300w, http:\/\/pkas.cz\/wp-content\/uploads\/2023\/05\/stafetak20232-1024x578.jpg 1024w, http:\/\/pkas.cz\/wp-content\/uploads\/2023\/05\/stafetak20232-768x433.jpg 768w, http:\/\/pkas.cz\/wp-content\/uploads\/2023\/05\/stafetak20232-1536x866.jpg 1536w, http:\/\/pkas.cz\/wp-content\/uploads\/2023\/05\/stafetak20232.jpg 2000w\" sizes=\"(max-width: 522px) 100vw, 522px\" \/><\/h1>\n<p>Ilustara\u010dn\u00ed foto<\/p>\n<p>Ve \u010dtvrtek 25. kv\u011btna se v Bene\u0161ov\u011b uskute\u010dnilo republikov\u00e9 fin\u00e1le \u0160tafetov\u00e9ho poh\u00e1ru. N\u011bkolikan\u00e1sobn\u00fd medalista 25. Z\u0160 Chv\u00e1lenick\u00e1, v\u00edt\u011bz krajsk\u00e9ho fin\u00e1le tentokr\u00e1t na nejlep\u0161\u00ed nesta\u010dil a obsadil 7. m\u00edsto v\u00fdkonem 08:40,80.<\/p>\n<p>Z\u00e1pado\u010deskou stopa m\u011bla i patronka cel\u00e9 akce, jeliko\u017e j\u00ed byla \u010dtvrtka\u0159ka <strong>Tereza Petr\u017eilkov\u00e1<\/strong>. P\u00e1t\u00e1 \u017eena ned\u00e1vn\u00e9ho halov\u00e9ho mistrovstv\u00ed Evropy v Istanbulu se s mlad\u00fdmi atlety rozcvi\u010dila a p\u0159i samotn\u00fdch z\u00e1vodech povzbuzovala. N\u00e1sledn\u011b s \u00fasm\u011bvem rozd\u00e1vala podpisy a p\u0159ed\u00e1vala medaile.<\/p>\n<p><a href=\"https:\/\/www.stafetovypohar.cz\/vysledkova-listina\/2023\">KOMPLETN\u00cd V\u00ddSLEDKY<\/a><\/p>\n<p>&nbsp;<\/p>\n","protected":false},"excerpt":{"rendered":"<p>25. Z\u0160 Plze\u0148 Chv\u00e1lenick\u00e1 na Republikov\u00e9m fin\u00e1le \u0160tafetov\u00e9ho poh\u00e1ru Ilustara\u010dn\u00ed foto Ve \u010dtvrtek 25. kv\u011btna se v Bene\u0161ov\u011b uskute\u010dnilo republikov\u00e9 fin\u00e1le \u0160tafetov\u00e9ho poh\u00e1ru. N\u011bkolikan\u00e1sobn\u00fd medalista&hellip;<\/p>\n","protected":false},"author":2,"featured_media":3577,"comment_status":"closed","ping_status":"closed","sticky":false,"template":"","format":"standard","meta":{"footnotes":""},"categories":[1],"tags":[],"jetpack_sharing_enabled":true,"jetpack_featured_media_url":"http:\/\/pkas.cz\/wp-content\/uploads\/2023\/05\/stafetak20232.jpg","_links":{"self":[{"href":"http:\/\/pkas.cz\/index.php?rest_route=\/wp\/v2\/posts\/3601"}],"collection":[{"href":"http:\/\/pkas.cz\/index.php?rest_route=\/wp\/v2\/posts"}],"about":[{"href":"http:\/\/pkas.cz\/index.php?rest_route=\/wp\/v2\/types\/post"}],"author":[{"embeddable":true,"href":"http:\/\/pkas.cz\/index.php?rest_route=\/wp\/v2\/users\/2"}],"replies":[{"embeddable":true,"href":"http:\/\/pkas.cz\/index.php?rest_route=%2Fwp%2Fv2%2Fcomments&post=3601"}],"version-history":[{"count":3,"href":"http:\/\/pkas.cz\/index.php?rest_route=\/wp\/v2\/posts\/3601\/revisions"}],"predecessor-version":[{"id":3605,"href":"http:\/\/pkas.cz\/index.php?rest_route=\/wp\/v2\/posts\/3601\/revisions\/3605"}],"wp:featuredmedia":[{"embeddable":true,"href":"http:\/\/pkas.cz\/index.php?rest_route=\/wp\/v2\/media\/3577"}],"wp:attachment":[{"href":"http:\/\/pkas.cz\/index.php?rest_route=%2Fwp%2Fv2%2Fmedia&parent=3601"}],"wp:term":[{"taxonomy":"category","embeddable":true,"href":"http:\/\/pkas.cz\/index.php?rest_route=%2Fwp%2Fv2%2Fcategories&post=3601"},{"taxonomy":"post_tag","embeddable":true,"href":"http:\/\/pkas.cz\/index.php?rest_route=%2Fwp%2Fv2%2Ftags&post=3601"}],"curies":[{"name":"wp","href":"https:\/\/api.w.org\/{rel}","templated":true}]}}