{"id":3597,"date":"2023-05-27T07:45:14","date_gmt":"2023-05-27T05:45:14","guid":{"rendered":"http:\/\/pkas.cz\/?p=3597"},"modified":"2023-05-27T07:45:14","modified_gmt":"2023-05-27T05:45:14","slug":"oblastni-mistrovstvi-zactva-plzenskeho-a-karlovarskeho-kraje","status":"publish","type":"post","link":"http:\/\/pkas.cz\/?p=3597","title":{"rendered":"Oblastn\u00ed mistrovstv\u00ed \u017eactva Plze\u0148sk\u00e9ho a Karlovarsk\u00e9ho kraje"},"content":{"rendered":"<h1>Oblastn\u00ed mistrovstv\u00ed \u017eactva Plze\u0148sk\u00e9ho a Karlovarsk\u00e9ho kraje<\/h1>\n<p><img loading=\"lazy\" decoding=\"async\" class=\"alignnone size-medium wp-image-3617\" src=\"http:\/\/pkas.cz\/wp-content\/uploads\/2023\/05\/OM-zactva-212x300.jpg\" alt=\"\" width=\"212\" height=\"300\" srcset=\"http:\/\/pkas.cz\/wp-content\/uploads\/2023\/05\/OM-zactva-212x300.jpg 212w, http:\/\/pkas.cz\/wp-content\/uploads\/2023\/05\/OM-zactva.jpg 509w\" sizes=\"(max-width: 212px) 100vw, 212px\" \/><\/p>\n<p>St\u0159\u00edbro &#8211; 20.5. hostil TJ Ban\u00edk St\u0159\u00edbro jeden z nejv\u011bt\u0161\u00edch z\u00e1vod\u016f v r\u00e1mci cel\u00e9 sez\u00f3ny OM \u017eactva. Na start se postavilo p\u0159es 500 z\u00e1vodn\u00edk\u016f, kte\u0159\u00ed si zapsali 1098 start\u016f, co\u017e je nejvy\u0161\u0161\u00ed po\u010det z\u00e1vodn\u00edk\u016f za posledn\u00edch deset let!<\/p>\n<p>P\u0159ehled nejen medailist\u016f a kvalitn\u00edch V\u00ddSLEDK\u016e p\u0159in\u00e1\u0161\u00edme <a href=\"https:\/\/online.atletika.cz\/vysledky\/68020\/0\/2\">ZDE<\/a><\/p>\n","protected":false},"excerpt":{"rendered":"<p>Oblastn\u00ed mistrovstv\u00ed \u017eactva Plze\u0148sk\u00e9ho a Karlovarsk\u00e9ho kraje St\u0159\u00edbro &#8211; 20.5. hostil TJ Ban\u00edk St\u0159\u00edbro jeden z nejv\u011bt\u0161\u00edch z\u00e1vod\u016f v r\u00e1mci cel\u00e9 sez\u00f3ny OM \u017eactva. Na&hellip;<\/p>\n","protected":false},"author":2,"featured_media":3617,"comment_status":"closed","ping_status":"closed","sticky":false,"template":"","format":"standard","meta":{"footnotes":""},"categories":[1],"tags":[],"jetpack_sharing_enabled":true,"jetpack_featured_media_url":"http:\/\/pkas.cz\/wp-content\/uploads\/2023\/05\/OM-zactva.jpg","_links":{"self":[{"href":"http:\/\/pkas.cz\/index.php?rest_route=\/wp\/v2\/posts\/3597"}],"collection":[{"href":"http:\/\/pkas.cz\/index.php?rest_route=\/wp\/v2\/posts"}],"about":[{"href":"http:\/\/pkas.cz\/index.php?rest_route=\/wp\/v2\/types\/post"}],"author":[{"embeddable":true,"href":"http:\/\/pkas.cz\/index.php?rest_route=\/wp\/v2\/users\/2"}],"replies":[{"embeddable":true,"href":"http:\/\/pkas.cz\/index.php?rest_route=%2Fwp%2Fv2%2Fcomments&post=3597"}],"version-history":[{"count":3,"href":"http:\/\/pkas.cz\/index.php?rest_route=\/wp\/v2\/posts\/3597\/revisions"}],"predecessor-version":[{"id":3624,"href":"http:\/\/pkas.cz\/index.php?rest_route=\/wp\/v2\/posts\/3597\/revisions\/3624"}],"wp:featuredmedia":[{"embeddable":true,"href":"http:\/\/pkas.cz\/index.php?rest_route=\/wp\/v2\/media\/3617"}],"wp:attachment":[{"href":"http:\/\/pkas.cz\/index.php?rest_route=%2Fwp%2Fv2%2Fmedia&parent=3597"}],"wp:term":[{"taxonomy":"category","embeddable":true,"href":"http:\/\/pkas.cz\/index.php?rest_route=%2Fwp%2Fv2%2Fcategories&post=3597"},{"taxonomy":"post_tag","embeddable":true,"href":"http:\/\/pkas.cz\/index.php?rest_route=%2Fwp%2Fv2%2Ftags&post=3597"}],"curies":[{"name":"wp","href":"https:\/\/api.w.org\/{rel}","templated":true}]}}