{"id":3584,"date":"2023-05-15T10:00:06","date_gmt":"2023-05-15T08:00:06","guid":{"rendered":"http:\/\/pkas.cz\/?p=3584"},"modified":"2023-05-15T10:00:06","modified_gmt":"2023-05-15T08:00:06","slug":"atleticka-extraliga-vitezstvi-zen-skody-plzen-a-dalsi-souteze","status":"publish","type":"post","link":"http:\/\/pkas.cz\/?p=3584","title":{"rendered":"Atletick\u00e1 extraliga: V\u00edt\u011bzstv\u00ed \u017een \u0160kody Plze\u0148 a dal\u0161\u00ed sout\u011b\u017ee"},"content":{"rendered":"<h1>Atletick\u00e1 extraliga: V\u00edt\u011bzstv\u00ed \u017een \u0160kody Plze\u0148 a dal\u0161\u00ed sout\u011b\u017ee<\/h1>\n<p>P\u0159es v\u00edkend se d\u00e9\u0161\u0165 p\u0159esunul na Moravu a s n\u00edm i v\u00fdznamn\u00e9 atletick\u00e9 z\u00e1vody. Promo\u010den\u00e9 Brno hostilo v ned\u011bli Extraligu dru\u017estev, kde nechyb\u011bli \u0160kodov\u00e1ci se sv\u00fdmi kvalitn\u00edmi t\u00fdmy.\u00a0 V\u00fdznamn\u011b se da\u0159ilo d\u00edvk\u00e1m, kter\u00e1 svoji sout\u011b\u017e vyhr\u00e1la se ziskem 287 bod\u016f. P\u0159ed dom\u00e1c\u00edm Olympem a USK Praha.<\/p>\n<p>Mu\u017esk\u00fd t\u00fdm nez\u016fstal zcela pozadu a s minim\u00e1ln\u00ed ztr\u00e1tou jednoho bodu na pra\u017eskou Duklu z\u00edskal t\u0159et\u00ed m\u00edsto.\u00a0 V\u00edt\u011bzstv\u00ed v mu\u017e\u00edch si p\u0159ipsal dom\u00e1c\u00ed t\u00fdm VSK Univerzita Brno.<\/p>\n<p><a href=\"https:\/\/online.atletika.cz\/vysledky\/65794\/0\/2\">KOMPLETN\u00cd V\u00ddSLEDKY<\/a><\/p>\n<p>Dv\u011b um\u00edst\u011bn\u00ed na stupn\u00edch v\u00edt\u011bz\u016f je ta nejlep\u0161\u00ed pozv\u00e1nka na 2. kolo Extraligy, kter\u00e9 se uskute\u010dn\u00ed v Plzni 27.5. 2023.<\/p>\n<p><img loading=\"lazy\" decoding=\"async\" class=\"alignnone size-medium wp-image-3585\" src=\"http:\/\/pkas.cz\/wp-content\/uploads\/2023\/05\/Extraliga-Plzen-300x300.jpg\" alt=\"\" width=\"300\" height=\"300\" srcset=\"http:\/\/pkas.cz\/wp-content\/uploads\/2023\/05\/Extraliga-Plzen-300x300.jpg 300w, http:\/\/pkas.cz\/wp-content\/uploads\/2023\/05\/Extraliga-Plzen-150x150.jpg 150w, http:\/\/pkas.cz\/wp-content\/uploads\/2023\/05\/Extraliga-Plzen.jpg 526w\" sizes=\"(max-width: 300px) 100vw, 300px\" \/><\/p>\n<p><strong>I.liga\u00a0<\/strong><\/p>\n<p>V leto\u0161n\u00edm ro\u010dn\u00edku druh\u00e9 nejvy\u0161\u0161\u00ed sout\u011b\u017ee m\u00e1me dva z\u00e1stupce. Da\u0159ilo se \u017eensk\u00e9mu t\u00fdmu TJ Sokol SG Pet\u0159\u00edn, kter\u00fd obsadil druh\u00e9 m\u00edsto za suver\u00e9nn\u00ed Slavi\u00ed Praha.<\/p>\n<p>Mu\u017esk\u00fd t\u00fdm AC Doma\u017elice si p\u0159ipsal t\u0159et\u00ed p\u0159\u00ed\u010dku.<\/p>\n<p><a href=\"https:\/\/online.atletika.cz\/vysledky\/67597\">KOMPLETN\u00cd V\u00ddSLEDKY<\/a><\/p>\n<p><strong>II.liga\u00a0<\/strong><\/p>\n<p>Ve druh\u00e9 lize startuje celkem p\u011bt na\u0161ich z\u00e1stupc\u016f. V prvn\u00edm kole si nejl\u00e9pe vedl t\u00fdm mu\u017e\u016f Atletika Klatovy, kter\u00fd byl druh\u00fd a t\u00fdm \u0160kody Plze\u0148 B, jen\u017e obsadil t\u0159et\u00ed m\u00edsto.<\/p>\n<p><a href=\"https:\/\/online.atletika.cz\/vysledky\/67613\">KOMPLETN\u00cd V\u00ddSLEDKY<\/a><\/p>\n<p>&nbsp;<\/p>\n<p>KRAJSK\u00dd P\u0158EBOR odstartuje a\u017e na konci \u010dervna v Chebu a v leto\u0161n\u00edm roce bude m\u00edt 3 kola.<\/p>\n<p>&nbsp;<\/p>\n","protected":false},"excerpt":{"rendered":"<p>Atletick\u00e1 extraliga: V\u00edt\u011bzstv\u00ed \u017een \u0160kody Plze\u0148 a dal\u0161\u00ed sout\u011b\u017ee P\u0159es v\u00edkend se d\u00e9\u0161\u0165 p\u0159esunul na Moravu a s n\u00edm i v\u00fdznamn\u00e9 atletick\u00e9 z\u00e1vody. Promo\u010den\u00e9 Brno&hellip;<\/p>\n","protected":false},"author":2,"featured_media":3585,"comment_status":"closed","ping_status":"closed","sticky":false,"template":"","format":"standard","meta":{"footnotes":""},"categories":[1],"tags":[],"jetpack_sharing_enabled":true,"jetpack_featured_media_url":"http:\/\/pkas.cz\/wp-content\/uploads\/2023\/05\/Extraliga-Plzen.jpg","_links":{"self":[{"href":"http:\/\/pkas.cz\/index.php?rest_route=\/wp\/v2\/posts\/3584"}],"collection":[{"href":"http:\/\/pkas.cz\/index.php?rest_route=\/wp\/v2\/posts"}],"about":[{"href":"http:\/\/pkas.cz\/index.php?rest_route=\/wp\/v2\/types\/post"}],"author":[{"embeddable":true,"href":"http:\/\/pkas.cz\/index.php?rest_route=\/wp\/v2\/users\/2"}],"replies":[{"embeddable":true,"href":"http:\/\/pkas.cz\/index.php?rest_route=%2Fwp%2Fv2%2Fcomments&post=3584"}],"version-history":[{"count":1,"href":"http:\/\/pkas.cz\/index.php?rest_route=\/wp\/v2\/posts\/3584\/revisions"}],"predecessor-version":[{"id":3586,"href":"http:\/\/pkas.cz\/index.php?rest_route=\/wp\/v2\/posts\/3584\/revisions\/3586"}],"wp:featuredmedia":[{"embeddable":true,"href":"http:\/\/pkas.cz\/index.php?rest_route=\/wp\/v2\/media\/3585"}],"wp:attachment":[{"href":"http:\/\/pkas.cz\/index.php?rest_route=%2Fwp%2Fv2%2Fmedia&parent=3584"}],"wp:term":[{"taxonomy":"category","embeddable":true,"href":"http:\/\/pkas.cz\/index.php?rest_route=%2Fwp%2Fv2%2Fcategories&post=3584"},{"taxonomy":"post_tag","embeddable":true,"href":"http:\/\/pkas.cz\/index.php?rest_route=%2Fwp%2Fv2%2Ftags&post=3584"}],"curies":[{"name":"wp","href":"https:\/\/api.w.org\/{rel}","templated":true}]}}