{"id":3571,"date":"2023-05-15T09:03:03","date_gmt":"2023-05-15T07:03:03","guid":{"rendered":"http:\/\/pkas.cz\/?p=3571"},"modified":"2023-05-18T08:10:13","modified_gmt":"2023-05-18T06:10:13","slug":"1-kolo-omd-mladsiho-zactva","status":"publish","type":"post","link":"http:\/\/pkas.cz\/?p=3571","title":{"rendered":"1. kolo OMD mlad\u0161\u00edho \u017eactva"},"content":{"rendered":"<h1>1. kolo OMD mlad\u0161\u00edho \u017eactva<\/h1>\n<p><img loading=\"lazy\" decoding=\"async\" class=\"alignnone size-medium wp-image-3572\" src=\"http:\/\/pkas.cz\/wp-content\/uploads\/2023\/05\/NYRANY2023jpg-300x202.jpg\" alt=\"\" width=\"300\" height=\"202\" srcset=\"http:\/\/pkas.cz\/wp-content\/uploads\/2023\/05\/NYRANY2023jpg-300x202.jpg 300w, http:\/\/pkas.cz\/wp-content\/uploads\/2023\/05\/NYRANY2023jpg-1024x690.jpg 1024w, http:\/\/pkas.cz\/wp-content\/uploads\/2023\/05\/NYRANY2023jpg-768x517.jpg 768w, http:\/\/pkas.cz\/wp-content\/uploads\/2023\/05\/NYRANY2023jpg-1536x1034.jpg 1536w, http:\/\/pkas.cz\/wp-content\/uploads\/2023\/05\/NYRANY2023jpg.jpg 2000w\" sizes=\"(max-width: 300px) 100vw, 300px\" \/><\/p>\n<p>foto Helena Smol\u00edkov\u00e1<\/p>\n<p>Na dvou stadionech se tak\u00e9 rozb\u011bhla sout\u011b\u017e mlad\u0161\u00edho \u017eactva.<\/p>\n<p>11.5. se z\u00e1vodilo v N\u00fd\u0159anech, kde vyhr\u00e1li chlapci<strong> Aktiv Sportu Hor\u0161ovsk\u00fd T\u00fdn<\/strong> a d\u00edvky ze <strong>Sokola SG Pet\u0159\u00edn A<\/strong>.<\/p>\n<p><a href=\"https:\/\/online.atletika.cz\/vysledky\/68018\/0\/2\">KOMPLETN\u00cd V\u00ddSLEDKY<\/a><\/p>\n<p><a href=\"http:\/\/pkas.cz\/wp-content\/uploads\/2023\/05\/Zpravodaj-OMD-ml.-zactvo-1-.-kolo-sk.-B.doc\">Zpravodaj \u0158P<\/a><\/p>\n<p>12.5.\u00a0 se z\u00e1vodilo v Plzni na \u0160kodovce a tuto skupinu ovl\u00e1dli dom\u00e1c\u00ed t\u00fdmy: chlapce <strong>AK \u0160koda Plze\u0148 B<\/strong> a d\u00edvky <strong>AK \u0160KODA Plze\u0148 A<\/strong>.<\/p>\n<p><a href=\"https:\/\/online.atletika.cz\/vysledky\/68017\/0\/2\">KOMPLETN\u00cd V\u00ddSLEDKY<\/a><\/p>\n<p><a href=\"http:\/\/pkas.cz\/wp-content\/uploads\/2023\/05\/Uvodni-zpravodaj-souteze-mladsiho-zactva-2023.pdf\">Zpravodaj \u0158P<\/a><\/p>\n","protected":false},"excerpt":{"rendered":"<p>1. kolo OMD mlad\u0161\u00edho \u017eactva foto Helena Smol\u00edkov\u00e1 Na dvou stadionech se tak\u00e9 rozb\u011bhla sout\u011b\u017e mlad\u0161\u00edho \u017eactva. 11.5. se z\u00e1vodilo v N\u00fd\u0159anech, kde vyhr\u00e1li chlapci&hellip;<\/p>\n","protected":false},"author":2,"featured_media":3572,"comment_status":"closed","ping_status":"closed","sticky":false,"template":"","format":"standard","meta":{"footnotes":""},"categories":[1],"tags":[],"jetpack_sharing_enabled":true,"jetpack_featured_media_url":"http:\/\/pkas.cz\/wp-content\/uploads\/2023\/05\/NYRANY2023jpg.jpg","_links":{"self":[{"href":"http:\/\/pkas.cz\/index.php?rest_route=\/wp\/v2\/posts\/3571"}],"collection":[{"href":"http:\/\/pkas.cz\/index.php?rest_route=\/wp\/v2\/posts"}],"about":[{"href":"http:\/\/pkas.cz\/index.php?rest_route=\/wp\/v2\/types\/post"}],"author":[{"embeddable":true,"href":"http:\/\/pkas.cz\/index.php?rest_route=\/wp\/v2\/users\/2"}],"replies":[{"embeddable":true,"href":"http:\/\/pkas.cz\/index.php?rest_route=%2Fwp%2Fv2%2Fcomments&post=3571"}],"version-history":[{"count":4,"href":"http:\/\/pkas.cz\/index.php?rest_route=\/wp\/v2\/posts\/3571\/revisions"}],"predecessor-version":[{"id":3591,"href":"http:\/\/pkas.cz\/index.php?rest_route=\/wp\/v2\/posts\/3571\/revisions\/3591"}],"wp:featuredmedia":[{"embeddable":true,"href":"http:\/\/pkas.cz\/index.php?rest_route=\/wp\/v2\/media\/3572"}],"wp:attachment":[{"href":"http:\/\/pkas.cz\/index.php?rest_route=%2Fwp%2Fv2%2Fmedia&parent=3571"}],"wp:term":[{"taxonomy":"category","embeddable":true,"href":"http:\/\/pkas.cz\/index.php?rest_route=%2Fwp%2Fv2%2Fcategories&post=3571"},{"taxonomy":"post_tag","embeddable":true,"href":"http:\/\/pkas.cz\/index.php?rest_route=%2Fwp%2Fv2%2Ftags&post=3571"}],"curies":[{"name":"wp","href":"https:\/\/api.w.org\/{rel}","templated":true}]}}