{"id":3557,"date":"2023-05-08T22:19:45","date_gmt":"2023-05-08T20:19:45","guid":{"rendered":"http:\/\/pkas.cz\/?p=3557"},"modified":"2023-05-11T09:10:54","modified_gmt":"2023-05-11T07:10:54","slug":"oblastni-mistrovstvi-ve-vicebojich-mladsiho-zactva-2","status":"publish","type":"post","link":"http:\/\/pkas.cz\/?p=3557","title":{"rendered":"Oblastn\u00ed mistrovstv\u00ed ve v\u00edceboj\u00edch mlad\u0161\u00edho \u017eactva"},"content":{"rendered":"<h1>Oblastn\u00ed mistrovstv\u00ed ve v\u00edceboj\u00edch mlad\u0161\u00edho \u017eactva<\/h1>\n<p><img loading=\"lazy\" decoding=\"async\" class=\"alignnone size-medium wp-image-3564\" src=\"http:\/\/pkas.cz\/wp-content\/uploads\/2023\/05\/viceobje1752023-300x300.jpg\" alt=\"\" width=\"300\" height=\"300\" srcset=\"http:\/\/pkas.cz\/wp-content\/uploads\/2023\/05\/viceobje1752023-300x300.jpg 300w, http:\/\/pkas.cz\/wp-content\/uploads\/2023\/05\/viceobje1752023-1024x1024.jpg 1024w, http:\/\/pkas.cz\/wp-content\/uploads\/2023\/05\/viceobje1752023-150x150.jpg 150w, http:\/\/pkas.cz\/wp-content\/uploads\/2023\/05\/viceobje1752023-768x768.jpg 768w, http:\/\/pkas.cz\/wp-content\/uploads\/2023\/05\/viceobje1752023.jpg 1440w\" sizes=\"(max-width: 300px) 100vw, 300px\" \/> <img loading=\"lazy\" decoding=\"async\" class=\"alignnone size-medium wp-image-3565\" src=\"http:\/\/pkas.cz\/wp-content\/uploads\/2023\/05\/viceobje2752023-300x300.jpg\" alt=\"\" width=\"300\" height=\"300\" srcset=\"http:\/\/pkas.cz\/wp-content\/uploads\/2023\/05\/viceobje2752023-300x300.jpg 300w, http:\/\/pkas.cz\/wp-content\/uploads\/2023\/05\/viceobje2752023-1024x1024.jpg 1024w, http:\/\/pkas.cz\/wp-content\/uploads\/2023\/05\/viceobje2752023-150x150.jpg 150w, http:\/\/pkas.cz\/wp-content\/uploads\/2023\/05\/viceobje2752023-768x768.jpg 768w, http:\/\/pkas.cz\/wp-content\/uploads\/2023\/05\/viceobje2752023.jpg 1440w\" sizes=\"(max-width: 300px) 100vw, 300px\" \/> <img loading=\"lazy\" decoding=\"async\" class=\"alignnone size-medium wp-image-3566\" src=\"http:\/\/pkas.cz\/wp-content\/uploads\/2023\/05\/viceobje3752023-300x300.jpg\" alt=\"\" width=\"300\" height=\"300\" srcset=\"http:\/\/pkas.cz\/wp-content\/uploads\/2023\/05\/viceobje3752023-300x300.jpg 300w, http:\/\/pkas.cz\/wp-content\/uploads\/2023\/05\/viceobje3752023-1024x1024.jpg 1024w, http:\/\/pkas.cz\/wp-content\/uploads\/2023\/05\/viceobje3752023-150x150.jpg 150w, http:\/\/pkas.cz\/wp-content\/uploads\/2023\/05\/viceobje3752023-768x768.jpg 768w, http:\/\/pkas.cz\/wp-content\/uploads\/2023\/05\/viceobje3752023.jpg 1440w\" sizes=\"(max-width: 300px) 100vw, 300px\" \/><\/p>\n<p>Fotozdroj AK \u0160KODA Plze\u0148<\/p>\n<p>Hned na \u00favod sez\u00f3ny se z\u00e1vodilo na stadionu \u0160kody Plze\u0148 ve Skvr\u0148anech ve v\u00edceboj\u00edch mlad\u0161\u00edho \u017eactva. Celkem se na start postavilo 98 z\u00e1vodn\u00edk\u016f, z toho\u00a0 31 chlapc\u016f a 67 d\u00edvek. Rozd\u011blovali se 4 sady medail\u00ed, v\u017edy po ro\u010dn\u00edc\u00edch.<\/p>\n<p>P\u0159ehled v\u00edt\u011bz\u016f:<\/p>\n<p>Mat\u011bj Hrub\u00fd ro\u010d. 2010 se ziskem 2126 bod\u016f<\/p>\n<p>Vojt\u011bch Musil ro\u010d. 2011 se ziskem 1428 bod\u016f<\/p>\n<p>Leona Fi\u0161\u00e1kov\u00e1 ro\u010d. 2011se ziskem 2825 bod\u016f<\/p>\n<p>Aneta Vetch\u00e1 ro\u010d. 2010 se ziskem 2306 bod\u016f<\/p>\n<p><a href=\"https:\/\/online.atletika.cz\/vysledky\/68019\/0\/2\">KOMPLETN\u00cd V\u00ddSLEDKY<\/a><\/p>\n<p>&nbsp;<\/p>\n<p>&nbsp;<\/p>\n","protected":false},"excerpt":{"rendered":"<p>Oblastn\u00ed mistrovstv\u00ed ve v\u00edceboj\u00edch mlad\u0161\u00edho \u017eactva Fotozdroj AK \u0160KODA Plze\u0148 Hned na \u00favod sez\u00f3ny se z\u00e1vodilo na stadionu \u0160kody Plze\u0148 ve Skvr\u0148anech ve v\u00edceboj\u00edch mlad\u0161\u00edho&hellip;<\/p>\n","protected":false},"author":2,"featured_media":3566,"comment_status":"closed","ping_status":"closed","sticky":false,"template":"","format":"standard","meta":{"footnotes":""},"categories":[1],"tags":[],"jetpack_sharing_enabled":true,"jetpack_featured_media_url":"http:\/\/pkas.cz\/wp-content\/uploads\/2023\/05\/viceobje3752023.jpg","_links":{"self":[{"href":"http:\/\/pkas.cz\/index.php?rest_route=\/wp\/v2\/posts\/3557"}],"collection":[{"href":"http:\/\/pkas.cz\/index.php?rest_route=\/wp\/v2\/posts"}],"about":[{"href":"http:\/\/pkas.cz\/index.php?rest_route=\/wp\/v2\/types\/post"}],"author":[{"embeddable":true,"href":"http:\/\/pkas.cz\/index.php?rest_route=\/wp\/v2\/users\/2"}],"replies":[{"embeddable":true,"href":"http:\/\/pkas.cz\/index.php?rest_route=%2Fwp%2Fv2%2Fcomments&post=3557"}],"version-history":[{"count":3,"href":"http:\/\/pkas.cz\/index.php?rest_route=\/wp\/v2\/posts\/3557\/revisions"}],"predecessor-version":[{"id":3568,"href":"http:\/\/pkas.cz\/index.php?rest_route=\/wp\/v2\/posts\/3557\/revisions\/3568"}],"wp:featuredmedia":[{"embeddable":true,"href":"http:\/\/pkas.cz\/index.php?rest_route=\/wp\/v2\/media\/3566"}],"wp:attachment":[{"href":"http:\/\/pkas.cz\/index.php?rest_route=%2Fwp%2Fv2%2Fmedia&parent=3557"}],"wp:term":[{"taxonomy":"category","embeddable":true,"href":"http:\/\/pkas.cz\/index.php?rest_route=%2Fwp%2Fv2%2Fcategories&post=3557"},{"taxonomy":"post_tag","embeddable":true,"href":"http:\/\/pkas.cz\/index.php?rest_route=%2Fwp%2Fv2%2Ftags&post=3557"}],"curies":[{"name":"wp","href":"https:\/\/api.w.org\/{rel}","templated":true}]}}