{"id":3536,"date":"2023-05-04T07:02:23","date_gmt":"2023-05-04T05:02:23","guid":{"rendered":"http:\/\/pkas.cz\/?p=3536"},"modified":"2023-05-04T07:02:23","modified_gmt":"2023-05-04T05:02:23","slug":"bezecky-pohar-mladeze-si-odbyl-premieru-v-horsovskem-tyne","status":"publish","type":"post","link":"http:\/\/pkas.cz\/?p=3536","title":{"rendered":"B\u011b\u017eeck\u00fd poh\u00e1r ml\u00e1de\u017ee si odbyl premi\u00e9ru v Hor\u0161ovsk\u00e9m T\u00fdn\u011b"},"content":{"rendered":"<h1>B\u011b\u017eeck\u00fd poh\u00e1r ml\u00e1de\u017ee si odbyl premi\u00e9ru v Hor\u0161ovsk\u00e9m T\u00fdn\u011b<\/h1>\n<p><img loading=\"lazy\" decoding=\"async\" class=\"alignnone size-medium wp-image-3542\" src=\"http:\/\/pkas.cz\/wp-content\/uploads\/2023\/05\/BZP2-300x207.jpg\" alt=\"\" width=\"300\" height=\"207\" srcset=\"http:\/\/pkas.cz\/wp-content\/uploads\/2023\/05\/BZP2-300x207.jpg 300w, http:\/\/pkas.cz\/wp-content\/uploads\/2023\/05\/BZP2-1024x708.jpg 1024w, http:\/\/pkas.cz\/wp-content\/uploads\/2023\/05\/BZP2-768x531.jpg 768w, http:\/\/pkas.cz\/wp-content\/uploads\/2023\/05\/BZP2-1536x1061.jpg 1536w, http:\/\/pkas.cz\/wp-content\/uploads\/2023\/05\/BZP2.jpg 2000w\" sizes=\"(max-width: 300px) 100vw, 300px\" \/> <img loading=\"lazy\" decoding=\"async\" class=\"alignnone size-medium wp-image-3543\" src=\"http:\/\/pkas.cz\/wp-content\/uploads\/2023\/05\/BZP2023-300x202.jpg\" alt=\"\" width=\"300\" height=\"202\" srcset=\"http:\/\/pkas.cz\/wp-content\/uploads\/2023\/05\/BZP2023-300x202.jpg 300w, http:\/\/pkas.cz\/wp-content\/uploads\/2023\/05\/BZP2023.jpg 593w\" sizes=\"(max-width: 300px) 100vw, 300px\" \/><img loading=\"lazy\" decoding=\"async\" class=\"alignnone size-medium wp-image-3544\" src=\"http:\/\/pkas.cz\/wp-content\/uploads\/2023\/05\/BZP4-300x226.jpg\" alt=\"\" width=\"300\" height=\"226\" srcset=\"http:\/\/pkas.cz\/wp-content\/uploads\/2023\/05\/BZP4-300x226.jpg 300w, http:\/\/pkas.cz\/wp-content\/uploads\/2023\/05\/BZP4-1024x771.jpg 1024w, http:\/\/pkas.cz\/wp-content\/uploads\/2023\/05\/BZP4-768x578.jpg 768w, http:\/\/pkas.cz\/wp-content\/uploads\/2023\/05\/BZP4-1536x1157.jpg 1536w, http:\/\/pkas.cz\/wp-content\/uploads\/2023\/05\/BZP4.jpg 2040w\" sizes=\"(max-width: 300px) 100vw, 300px\" \/><\/p>\n<p>B\u011bhy mlad\u0161\u00edch kategorii, v\u00edt\u011bzov\u00e9 d\u011btsk\u00e9 \u0161tafety do 15 let. Fotografie Helena Smol\u00edkov\u00e1, Aktiv Sport Hor\u0161ovsk\u00fd T\u00fdn<\/p>\n<p>3. d\u00edl seri\u00e1lu B\u011b\u017eeck\u00e9ho poh\u00e1ru ml\u00e1de\u017ee Plze\u0148sk\u00e9ho kraje zav\u00edtal premi\u00e9rov\u011b na Doma\u017elicko do Hor\u0161ovsk\u00e9ho T\u00fdna. M\u00edstn\u00ed organiz\u00e1to\u0159i z Aktiv Sportu Hor\u0161ovsk\u00fd T\u00fdn situovali z\u00e1vod do prost\u0159ed\u00ed z\u00e1meck\u00e9ho parku a nav\u00e1zali t\u00edm na p\u016fvodn\u00ed tradici prvom\u00e1jov\u00fdch b\u011bh\u016f, kter\u00e9 se zde konali od 60. do po\u010d\u00e1tku devades\u00e1t\u00fdch let a mezi jejich v\u00edt\u011bze pat\u0159\u00ed \u0159ada z\u00e1pado\u010desk\u00fdch legend jako Vlastimil Zwiefelhofer, Pavel Fashingbauer, On\u010da Kr\u00e1sn\u00fd, Jan Bej\u010dek, V\u00e1clav Bufka, Ji\u0159\u00ed Proch\u00e1zka,Vlastimil \u0160roubek, Zden\u011bk Forster. Historii z\u00e1vodu p\u0159ipomn\u011blo n\u011bkolik tabul\u00ed\u00a0 s pohledem do minulosti.<\/p>\n<p>Samotn\u00e9 z\u00e1vody se t\u011b\u0161ily pom\u011brn\u011b velk\u00e9mu z\u00e1jmu startuj\u00edc\u00edch k \u010demu\u017e dopomohlo i p\u011bkn\u00e9 jarn\u00ed po\u010das\u00ed. V poh\u00e1ru ml\u00e1de\u017ee se z\u00fa\u010dastnilo 288 startuj\u00edc\u00edch, co\u017e je druh\u00fd nejv\u011bt\u0161\u00ed po\u010det ve \u010dtrn\u00e1ctilet\u00e9 historii cel\u00e9ho seri\u00e1lu! Rekord zat\u00edm dr\u017e\u00ed B\u011bl\u00e1 nad Radbuzou v roce 2018 s 300 startuj\u00edc\u00edmi.<\/p>\n<p>Na z\u00e1v\u011br programu byl vlo\u017een je\u0161t\u011b \u0161tafetov\u00fd b\u011bh na 4x 500m (okolo rybn\u00edka), jeho\u017e se z\u00fa\u010dastnilo 16 \u010dty\u0159\u010dlenn\u00fdch t\u00fdm\u016f rozd\u011blen\u00fdch do t\u0159\u00ed kategori\u00ed &#8211; ml\u00e1de\u017e do 15 let, rodiny, dosp\u011bl\u00ed.<\/p>\n<p><a href=\"http:\/\/www.pro-sport.cz\/sites\/PRO-SPORT.cz\/\/repository\/V__sledky_B__h_z__meck__m_parkem_2023.pdf\">V\u00ddSLEDKY<\/a><\/p>\n<p><a href=\"http:\/\/www.pro-sport.cz\/sites\/PRO-SPORT.cz\/\/repository\/Pr__b____n___po__ad___B____eck__ho_poh__ru_ml__de__e_2023_III.xls\">PR\u016eB\u011a\u017dN\u00c9 PO\u0158AD\u00cd PO 3 Z\u00c1VODECH<\/a><\/p>\n<p>Dal\u0161\u00ed d\u00edl B\u011b\u017eeck\u00e9ho poh\u00e1ru ml\u00e1de\u017ee se m\u011bl konat na Zelenov\u011b 13. kv\u011btna. Po\u0159adatel M\u00edla\u0159i Doma\u017elice z\u00e1vod odlo\u017eili do pozd\u011bj\u0161\u00edho term\u00ednu (pravd\u011bpodobn\u011b z\u00e1\u0159\u00ed), a tak n\u00e1sledn\u00e9 zastaven\u00ed je ve St\u0159\u00edb\u0159e p\u0159i B\u011bhu historick\u00fdm St\u0159\u00edbrem 11. \u010dervna.<\/p>\n<p>Atletika pokra\u010duje celou \u0159adou dr\u00e1hov\u00fdch z\u00e1vod\u016f, o kter\u00fdch budeme informovat.<\/p>\n<p><img loading=\"lazy\" decoding=\"async\" class=\"alignnone  wp-image-3541\" src=\"http:\/\/pkas.cz\/wp-content\/uploads\/2023\/05\/dron1-300x225.jpg\" alt=\"\" width=\"551\" height=\"413\" srcset=\"http:\/\/pkas.cz\/wp-content\/uploads\/2023\/05\/dron1-300x225.jpg 300w, http:\/\/pkas.cz\/wp-content\/uploads\/2023\/05\/dron1-1024x768.jpg 1024w, http:\/\/pkas.cz\/wp-content\/uploads\/2023\/05\/dron1-768x576.jpg 768w, http:\/\/pkas.cz\/wp-content\/uploads\/2023\/05\/dron1-1536x1152.jpg 1536w, http:\/\/pkas.cz\/wp-content\/uploads\/2023\/05\/dron1.jpg 2048w\" sizes=\"(max-width: 551px) 100vw, 551px\" \/><\/p>\n","protected":false},"excerpt":{"rendered":"<p>B\u011b\u017eeck\u00fd poh\u00e1r ml\u00e1de\u017ee si odbyl premi\u00e9ru v Hor\u0161ovsk\u00e9m T\u00fdn\u011b B\u011bhy mlad\u0161\u00edch kategorii, v\u00edt\u011bzov\u00e9 d\u011btsk\u00e9 \u0161tafety do 15 let. Fotografie Helena Smol\u00edkov\u00e1, Aktiv Sport Hor\u0161ovsk\u00fd T\u00fdn&hellip;<\/p>\n","protected":false},"author":2,"featured_media":3544,"comment_status":"closed","ping_status":"closed","sticky":false,"template":"","format":"standard","meta":{"footnotes":""},"categories":[1],"tags":[],"jetpack_sharing_enabled":true,"jetpack_featured_media_url":"http:\/\/pkas.cz\/wp-content\/uploads\/2023\/05\/BZP4.jpg","_links":{"self":[{"href":"http:\/\/pkas.cz\/index.php?rest_route=\/wp\/v2\/posts\/3536"}],"collection":[{"href":"http:\/\/pkas.cz\/index.php?rest_route=\/wp\/v2\/posts"}],"about":[{"href":"http:\/\/pkas.cz\/index.php?rest_route=\/wp\/v2\/types\/post"}],"author":[{"embeddable":true,"href":"http:\/\/pkas.cz\/index.php?rest_route=\/wp\/v2\/users\/2"}],"replies":[{"embeddable":true,"href":"http:\/\/pkas.cz\/index.php?rest_route=%2Fwp%2Fv2%2Fcomments&post=3536"}],"version-history":[{"count":5,"href":"http:\/\/pkas.cz\/index.php?rest_route=\/wp\/v2\/posts\/3536\/revisions"}],"predecessor-version":[{"id":3545,"href":"http:\/\/pkas.cz\/index.php?rest_route=\/wp\/v2\/posts\/3536\/revisions\/3545"}],"wp:featuredmedia":[{"embeddable":true,"href":"http:\/\/pkas.cz\/index.php?rest_route=\/wp\/v2\/media\/3544"}],"wp:attachment":[{"href":"http:\/\/pkas.cz\/index.php?rest_route=%2Fwp%2Fv2%2Fmedia&parent=3536"}],"wp:term":[{"taxonomy":"category","embeddable":true,"href":"http:\/\/pkas.cz\/index.php?rest_route=%2Fwp%2Fv2%2Fcategories&post=3536"},{"taxonomy":"post_tag","embeddable":true,"href":"http:\/\/pkas.cz\/index.php?rest_route=%2Fwp%2Fv2%2Ftags&post=3536"}],"curies":[{"name":"wp","href":"https:\/\/api.w.org\/{rel}","templated":true}]}}