{"id":3532,"date":"2023-05-02T06:03:45","date_gmt":"2023-05-02T04:03:45","guid":{"rendered":"http:\/\/pkas.cz\/?p=3532"},"modified":"2023-05-02T06:03:45","modified_gmt":"2023-05-02T04:03:45","slug":"mistrovska-desitka-na-draze-s-uspechy-zapadocechu","status":"publish","type":"post","link":"http:\/\/pkas.cz\/?p=3532","title":{"rendered":"Mistrovsk\u00e1 des\u00edtka na dr\u00e1ze s \u00fasp\u011bchy Z\u00e1pado\u010dech\u016f"},"content":{"rendered":"<h1>Mistrovsk\u00e1 des\u00edtka na dr\u00e1ze s \u00fasp\u011bchy Z\u00e1pado\u010dech\u016f<\/h1>\n<p><img loading=\"lazy\" decoding=\"async\" class=\"alignnone size-medium wp-image-3533\" src=\"http:\/\/pkas.cz\/wp-content\/uploads\/2023\/05\/Hrochova_10_2023-300x300.jpg\" alt=\"\" width=\"300\" height=\"300\" srcset=\"http:\/\/pkas.cz\/wp-content\/uploads\/2023\/05\/Hrochova_10_2023-300x300.jpg 300w, http:\/\/pkas.cz\/wp-content\/uploads\/2023\/05\/Hrochova_10_2023-150x150.jpg 150w, http:\/\/pkas.cz\/wp-content\/uploads\/2023\/05\/Hrochova_10_2023-768x768.jpg 768w, http:\/\/pkas.cz\/wp-content\/uploads\/2023\/05\/Hrochova_10_2023.jpg 843w\" sizes=\"(max-width: 300px) 100vw, 300px\" \/><img loading=\"lazy\" decoding=\"async\" class=\"alignnone size-medium wp-image-3534\" src=\"http:\/\/pkas.cz\/wp-content\/uploads\/2023\/05\/davidik-225x300.jpg\" alt=\"\" width=\"225\" height=\"300\" srcset=\"http:\/\/pkas.cz\/wp-content\/uploads\/2023\/05\/davidik-225x300.jpg 225w, http:\/\/pkas.cz\/wp-content\/uploads\/2023\/05\/davidik-768x1024.jpg 768w, http:\/\/pkas.cz\/wp-content\/uploads\/2023\/05\/davidik-1152x1536.jpg 1152w, http:\/\/pkas.cz\/wp-content\/uploads\/2023\/05\/davidik.jpg 1536w\" sizes=\"(max-width: 225px) 100vw, 225px\" \/><\/p>\n<p>Tereza Hrochov\u00e1, Jakub David\u00edk a Ji\u0159\u00ed \u0160piroch se raduj\u00ed z medailov\u00fdch \u00fasp\u011bch\u016f<\/p>\n<p>Fotozdroj AK \u0160KODA Plze\u0148 a TJ Ban\u00edk St\u0159\u00edbro<\/p>\n<p>Ve slovensk\u00e9 \u017dilin\u011b se konalo spojen\u00e9 Mistrovstv\u00ed \u010cR a SR v dr\u00e1hov\u00e9 des\u00edtce.<\/p>\n<p>Tereza Hrochov\u00e1 m\u00e1 za sebou zaj\u00edmav\u00fd dvojboj, kter\u00fd na webu atletika.cz okomentovali takto:<\/p>\n<p>P\u0159esto, \u017ee <strong>Tereza Hrochov\u00e1<\/strong> absolvovala p\u0159ed t\u00fddnem maraton v\u00a0Hamburku, rozhodla se po n\u00e1ro\u010dn\u00e9m startu z\u00e1vodit i na mistrovstv\u00ed republiky v\u00a0dr\u00e1hov\u00e9 des\u00edtce. V\u011bdoma si toho, \u017ee je jasnou favoritkou na zlato, \u0161et\u0159ila v\u00a0prvn\u00ed polovin\u011b z\u00e1vodu s\u00edly a dr\u017eela se v\u00a0bal\u00edku \u010deln\u00ed skupiny. Zhruba po \u0161esti kilometrech pak sv\u00fdm soupe\u0159k\u00e1m velmi dynamick\u00fdm zp\u016fsobem nastoupila, a ty nem\u011bly \u0161anci reagovat. N\u00e1sledn\u011b si v\u00a0poklidu dob\u011bhla pro sv\u016fj premi\u00e9rov\u00fd titul na t\u00e9to distanci v\u00a0\u010dase 35:12.98. Sv\u016fj prvn\u00ed start na trati 10\u00a0000 metr\u016f prom\u011bnila v\u00a0zisk mistrovsk\u00e9ho st\u0159\u00edbra opavsk\u00e1 Barbora Lampov\u00e1, kter\u00e1 si s\u00a0trat\u00ed poradila v\u00a0\u010dase 35:27.00. Bronz si na krk pov\u011bsila a Gabriela Veigertov\u00e1 za 35:56.15.<\/p>\n<p>Dal\u0161\u00ed medailovou radost p\u0159ivezl do St\u0159\u00edbra <strong>Ji\u0159\u00ed \u0160piroch<\/strong>, kter\u00fd dob\u011bhl v juniorsk\u00e9m z\u00e1vod\u011b na st\u0159\u00edbrn\u00e9 pozici v \u010dase 32:35.02.<\/p>\n<p>Medailov\u011b se da\u0159ilo i Z\u00e1pado\u010dech\u016fm startuj\u00edc\u00edm ji\u017e v barv\u00e1ch pra\u017esk\u00fdch klub\u016f.<\/p>\n<p><strong>Jakub David\u00edk<\/strong> se p\u0159ekvapiv\u011b p\u0159edstavil na nejdel\u0161\u00ed dr\u00e1hov\u00e9 distanci a byl z toho bronz v kvalitn\u00edm v\u00fdkonu 30:22.10.<\/p>\n<p><strong>Eli\u0161ka Hostkov\u00e1<\/strong>, vloni startuj\u00edc\u00ed v barv\u00e1ch Su\u0161ice, ozdobila sv\u016fj start v\u00edt\u011bzstv\u00edm a nov\u00fdm osobn\u00edm rekordem 36:19.84.<\/p>\n<p><a href=\"https:\/\/online.atletika.cz\/upload\/%C5%BEilina%2029.4.2023.pdf\">V\u00ddSLEDKY M\u010cR<\/a><\/p>\n<p>&nbsp;<\/p>\n","protected":false},"excerpt":{"rendered":"<p>Mistrovsk\u00e1 des\u00edtka na dr\u00e1ze s \u00fasp\u011bchy Z\u00e1pado\u010dech\u016f Tereza Hrochov\u00e1, Jakub David\u00edk a Ji\u0159\u00ed \u0160piroch se raduj\u00ed z medailov\u00fdch \u00fasp\u011bch\u016f Fotozdroj AK \u0160KODA Plze\u0148 a TJ&hellip;<\/p>\n","protected":false},"author":2,"featured_media":3533,"comment_status":"closed","ping_status":"closed","sticky":false,"template":"","format":"standard","meta":{"footnotes":""},"categories":[1],"tags":[],"jetpack_sharing_enabled":true,"jetpack_featured_media_url":"http:\/\/pkas.cz\/wp-content\/uploads\/2023\/05\/Hrochova_10_2023.jpg","_links":{"self":[{"href":"http:\/\/pkas.cz\/index.php?rest_route=\/wp\/v2\/posts\/3532"}],"collection":[{"href":"http:\/\/pkas.cz\/index.php?rest_route=\/wp\/v2\/posts"}],"about":[{"href":"http:\/\/pkas.cz\/index.php?rest_route=\/wp\/v2\/types\/post"}],"author":[{"embeddable":true,"href":"http:\/\/pkas.cz\/index.php?rest_route=\/wp\/v2\/users\/2"}],"replies":[{"embeddable":true,"href":"http:\/\/pkas.cz\/index.php?rest_route=%2Fwp%2Fv2%2Fcomments&post=3532"}],"version-history":[{"count":1,"href":"http:\/\/pkas.cz\/index.php?rest_route=\/wp\/v2\/posts\/3532\/revisions"}],"predecessor-version":[{"id":3535,"href":"http:\/\/pkas.cz\/index.php?rest_route=\/wp\/v2\/posts\/3532\/revisions\/3535"}],"wp:featuredmedia":[{"embeddable":true,"href":"http:\/\/pkas.cz\/index.php?rest_route=\/wp\/v2\/media\/3533"}],"wp:attachment":[{"href":"http:\/\/pkas.cz\/index.php?rest_route=%2Fwp%2Fv2%2Fmedia&parent=3532"}],"wp:term":[{"taxonomy":"category","embeddable":true,"href":"http:\/\/pkas.cz\/index.php?rest_route=%2Fwp%2Fv2%2Fcategories&post=3532"},{"taxonomy":"post_tag","embeddable":true,"href":"http:\/\/pkas.cz\/index.php?rest_route=%2Fwp%2Fv2%2Ftags&post=3532"}],"curies":[{"name":"wp","href":"https:\/\/api.w.org\/{rel}","templated":true}]}}