{"id":3517,"date":"2023-04-24T09:00:42","date_gmt":"2023-04-24T07:00:42","guid":{"rendered":"http:\/\/pkas.cz\/?p=3517"},"modified":"2023-04-24T09:00:42","modified_gmt":"2023-04-24T07:00:42","slug":"bezecky-pohar-mladeze-prvni-dva-zavody","status":"publish","type":"post","link":"http:\/\/pkas.cz\/?p=3517","title":{"rendered":"B\u011b\u017eeck\u00fd poh\u00e1r ml\u00e1de\u017ee &#8211; prvn\u00ed dva z\u00e1vody"},"content":{"rendered":"<h1>B\u011b\u017eeck\u00fd poh\u00e1r ml\u00e1de\u017ee &#8211; prvn\u00ed dva z\u00e1vody<\/h1>\n<p><img loading=\"lazy\" decoding=\"async\" class=\"alignnone  wp-image-3518\" src=\"http:\/\/pkas.cz\/wp-content\/uploads\/2023\/04\/beh-mravencistezkou-300x142.jpg\" alt=\"\" width=\"445\" height=\"211\" srcset=\"http:\/\/pkas.cz\/wp-content\/uploads\/2023\/04\/beh-mravencistezkou-300x142.jpg 300w, http:\/\/pkas.cz\/wp-content\/uploads\/2023\/04\/beh-mravencistezkou-768x363.jpg 768w, http:\/\/pkas.cz\/wp-content\/uploads\/2023\/04\/beh-mravencistezkou.jpg 1024w\" sizes=\"(max-width: 445px) 100vw, 445px\" \/><\/p>\n<p>foto zdroj DDM Tachov<\/p>\n<p>V t\u011bsn\u00e9m sledu se konaly prvn\u00ed dva z\u00e1vody B\u011b\u017eeck\u00e9ho poh\u00e1ru ml\u00e1de\u017ee.<\/p>\n<p>Prolog p\u0159edznamenal<strong> B\u011bh mraven\u010d\u00ed stezkou <\/strong>v Tachov\u011b &#8211; Sv\u011btc\u00edch, kde se na start postavilo 188 ml\u00e1de\u017en\u00edk\u016f.<\/p>\n<p>P\u0159in\u00e1\u0161\u00edme <a href=\"https:\/\/ddmtachov.iddm.cz\/admin\/download\/document\/550\">V\u00ddSLEDKY\u00a0<\/a><\/p>\n<p><strong>B\u011bh osvobozen\u00ed &#8211; Plze\u0148- Litice <\/strong>je jedin\u00fd\u00a0 z\u00e1vod seri\u00e1lu, kter\u00fd se kon\u00e1 v pracovn\u00edm t\u00fddnu (ve st\u0159edu). P\u0159esto si na start na\u0161lo cestu 214 z\u00e1vodn\u00edk\u016f.<\/p>\n<p>P\u0159in\u00e1\u0161\u00edme <a href=\"http:\/\/www.pro-sport.cz\/sites\/PRO-SPORT.cz\/\/repository\/V__sledky_B__h_osvobozen___54._ro__n__k.xlsx\">V\u00ddSLEDKY\u00a0<\/a><\/p>\n<p>Po dvou z\u00e1vodech ji\u017e m\u00e1me bodov\u00e9 sou\u010dty. PR\u016eB\u011a\u017dN\u00c9 PO\u0158AD\u00cd KE STA\u017dEN\u00cd <a href=\"http:\/\/www.pro-sport.cz\/sites\/PRO-SPORT.cz\/\/repository\/Pr__b____n___po__ad___B____eck__ho_poh__ru_ml__de__e_2023_II.xls\">ZDE<\/a><\/p>\n<p>&nbsp;<\/p>\n<p>P\u0159\u00ed\u0161t\u00ed z\u00e1vod se kon\u00e1 1. 5. v Hor\u0161ovsk\u00e9m T\u00fdn\u011b &#8211; Propozice na B\u011bh z\u00e1meck\u00fdm parkem <a href=\"http:\/\/pkas.cz\/wp-content\/uploads\/2023\/04\/plakat.png\">ZDE<\/a><\/p>\n<p><a href=\"http:\/\/pkas.cz\/wp-content\/uploads\/2023\/04\/plakat.png\">Plak\u00e1t z\u00e1vodu<\/a><\/p>\n<p><img loading=\"lazy\" decoding=\"async\" class=\"alignnone size-medium wp-image-3519\" src=\"http:\/\/pkas.cz\/wp-content\/uploads\/2023\/04\/plakat-213x300.png\" alt=\"\" width=\"213\" height=\"300\" srcset=\"http:\/\/pkas.cz\/wp-content\/uploads\/2023\/04\/plakat-213x300.png 213w, http:\/\/pkas.cz\/wp-content\/uploads\/2023\/04\/plakat.png 643w\" sizes=\"(max-width: 213px) 100vw, 213px\" \/> <img loading=\"lazy\" decoding=\"async\" class=\"alignnone size-medium wp-image-3520\" src=\"http:\/\/pkas.cz\/wp-content\/uploads\/2023\/04\/Beh-300x138.png\" alt=\"\" width=\"300\" height=\"138\" srcset=\"http:\/\/pkas.cz\/wp-content\/uploads\/2023\/04\/Beh-300x138.png 300w, http:\/\/pkas.cz\/wp-content\/uploads\/2023\/04\/Beh-1024x470.png 1024w, http:\/\/pkas.cz\/wp-content\/uploads\/2023\/04\/Beh-768x353.png 768w, http:\/\/pkas.cz\/wp-content\/uploads\/2023\/04\/Beh-1536x705.png 1536w, http:\/\/pkas.cz\/wp-content\/uploads\/2023\/04\/Beh.png 1610w\" sizes=\"(max-width: 300px) 100vw, 300px\" \/><\/p>\n<p>&nbsp;<\/p>\n<p>&nbsp;<\/p>\n<p>&nbsp;<\/p>\n","protected":false},"excerpt":{"rendered":"<p>B\u011b\u017eeck\u00fd poh\u00e1r ml\u00e1de\u017ee &#8211; prvn\u00ed dva z\u00e1vody foto zdroj DDM Tachov V t\u011bsn\u00e9m sledu se konaly prvn\u00ed dva z\u00e1vody B\u011b\u017eeck\u00e9ho poh\u00e1ru ml\u00e1de\u017ee. Prolog p\u0159edznamenal B\u011bh&hellip;<\/p>\n","protected":false},"author":2,"featured_media":3518,"comment_status":"closed","ping_status":"closed","sticky":false,"template":"","format":"standard","meta":{"footnotes":""},"categories":[1],"tags":[],"jetpack_sharing_enabled":true,"jetpack_featured_media_url":"http:\/\/pkas.cz\/wp-content\/uploads\/2023\/04\/beh-mravencistezkou.jpg","_links":{"self":[{"href":"http:\/\/pkas.cz\/index.php?rest_route=\/wp\/v2\/posts\/3517"}],"collection":[{"href":"http:\/\/pkas.cz\/index.php?rest_route=\/wp\/v2\/posts"}],"about":[{"href":"http:\/\/pkas.cz\/index.php?rest_route=\/wp\/v2\/types\/post"}],"author":[{"embeddable":true,"href":"http:\/\/pkas.cz\/index.php?rest_route=\/wp\/v2\/users\/2"}],"replies":[{"embeddable":true,"href":"http:\/\/pkas.cz\/index.php?rest_route=%2Fwp%2Fv2%2Fcomments&post=3517"}],"version-history":[{"count":1,"href":"http:\/\/pkas.cz\/index.php?rest_route=\/wp\/v2\/posts\/3517\/revisions"}],"predecessor-version":[{"id":3522,"href":"http:\/\/pkas.cz\/index.php?rest_route=\/wp\/v2\/posts\/3517\/revisions\/3522"}],"wp:featuredmedia":[{"embeddable":true,"href":"http:\/\/pkas.cz\/index.php?rest_route=\/wp\/v2\/media\/3518"}],"wp:attachment":[{"href":"http:\/\/pkas.cz\/index.php?rest_route=%2Fwp%2Fv2%2Fmedia&parent=3517"}],"wp:term":[{"taxonomy":"category","embeddable":true,"href":"http:\/\/pkas.cz\/index.php?rest_route=%2Fwp%2Fv2%2Fcategories&post=3517"},{"taxonomy":"post_tag","embeddable":true,"href":"http:\/\/pkas.cz\/index.php?rest_route=%2Fwp%2Fv2%2Ftags&post=3517"}],"curies":[{"name":"wp","href":"https:\/\/api.w.org\/{rel}","templated":true}]}}