{"id":3514,"date":"2023-04-15T22:42:52","date_gmt":"2023-04-15T20:42:52","guid":{"rendered":"http:\/\/pkas.cz\/?p=3514"},"modified":"2023-04-15T22:42:52","modified_gmt":"2023-04-15T20:42:52","slug":"cenu-rektora-zcu-v-soutezi-sportovec-plzne-ziskal-jan-skarban","status":"publish","type":"post","link":"http:\/\/pkas.cz\/?p=3514","title":{"rendered":"Cenu rektora Z\u010cU v sout\u011b\u017ei Sportovec Plzn\u011b z\u00edskal Jan \u0160karban"},"content":{"rendered":"<div>\n<h2 class=\"clanek_titulek\">Cenu rektora Z\u010cU v sout\u011b\u017ei Sportovec Plzn\u011b z\u00edskal Jan \u0160karban<\/h2>\n<p><img loading=\"lazy\" decoding=\"async\" class=\"alignnone size-medium wp-image-3030\" src=\"http:\/\/pkas.cz\/wp-content\/uploads\/2022\/08\/SKARBAN-300x157.jpg\" alt=\"\" width=\"300\" height=\"157\" srcset=\"http:\/\/pkas.cz\/wp-content\/uploads\/2022\/08\/SKARBAN-300x157.jpg 300w, http:\/\/pkas.cz\/wp-content\/uploads\/2022\/08\/SKARBAN.jpg 500w\" sizes=\"(max-width: 300px) 100vw, 300px\" \/><\/p>\n<\/div>\n<div class=\"perex\">V \u00fater\u00fd 11. dubna byli v ob\u0159adn\u00ed s\u00edni plze\u0148sk\u00e9 radnice vyhl\u00e1\u0161eni nejlep\u0161\u00ed sportovci Plzn\u011b za rok 2022 v kategori\u00edch \u017eactva a dorostu. Cenu rektora Z\u010cU, ud\u011blovanou za propojen\u00ed studia a sportu, obdr\u017eel p\u0159ek\u00e1\u017ek\u00e1\u0159 Jan \u0160karban ze Sportovn\u00edho gymn\u00e1zia Plze\u0148.<\/div>\n<div class=\"obsah\">\n<p><i>\u201eSkloubit sport a studium vy\u017eaduje silnou v\u016fli, sebek\u00e1ze\u0148 a vytrvalost. Pokud n\u011bkdo dok\u00e1\u017ee d\u011blat oboj\u00ed na vysok\u00e9 \u00farovni, rozhodn\u011b si zaslou\u017e\u00ed podporu a ocen\u011bn\u00ed,\u201c<\/i>\u00a0\u0159\u00edk\u00e1 rektor Z\u010cU Miroslav L\u00e1vi\u010dka. Dod\u00e1v\u00e1 tak\u00e9, \u017ee d\u00edky kvalitn\u00edmu vzd\u011blan\u00ed sportovci l\u00e9pe najdou uplatn\u011bn\u00ed i po skon\u010den\u00ed sv\u00e9 profesion\u00e1ln\u00ed sportovn\u00ed kari\u00e9ry.<\/p>\n<p>Na plze\u0148sk\u00e9 radnici p\u0159edal Miroslav L\u00e1vi\u010dka Cenu rektora Z\u010cU za propojen\u00ed studia a sportu studentovi Sportovn\u00edho gymn\u00e1zia Plze\u0148 Janu \u0160karbanovi. Krom\u011b toho, \u017ee je v kategorii do 18 let \u010dty\u0159n\u00e1sobn\u00fdm p\u0159ek\u00e1\u017ek\u00e1\u0159sk\u00fdm mistrem republiky, pat\u0159\u00ed k \u00fasp\u011bch\u016fm mlad\u00e9ho atleta, kter\u00fd z\u00e1vod\u00ed za AK \u0160koda Plze\u0148, tak\u00e9 nap\u0159\u00edklad st\u0159\u00edbro z Letn\u00edho evropsk\u00e9ho olympijsk\u00e9ho festivalu ml\u00e1de\u017ee v Bansk\u00e9 Bystrici v z\u00e1vod\u011b na 2000 m p\u0159ek\u00e1\u017eek nebo sedm\u00e9 m\u00edsto na evropsk\u00e9m \u0161ampion\u00e1tu do 18 let v Jeruzal\u00e9m\u011b. Je tak\u00e9 dr\u017eitelem krajsk\u00e9ho rekordu na trati 2000 m p\u0159ek\u00e1\u017eek.\u00a0<i>\u201eJan \u0160karban m\u00e1 po celou dobu studia na vysv\u011bd\u010den\u00ed sam\u00e9 jedni\u010dky. Slo\u017eku s v\u00fdchovn\u00fdmi opat\u0159en\u00edmi m\u00e1 napln\u011bnou sam\u00fdmi pochvalami \u2013 nejen za vynikaj\u00edc\u00ed prosp\u011bch, ale i za skv\u011bl\u00e9 sportovn\u00ed v\u00fdkony. Je to zodpov\u011bdn\u00fd student, kter\u00fd si ocen\u011bn\u00ed ur\u010dit\u011b zaslou\u017e\u00ed,\u201c<\/i>\u00a0potvrzuje t\u0159\u00eddn\u00ed u\u010ditelka nad\u011bjn\u00e9ho atleta.<\/p>\n<p>Cenu rektora ud\u011bluj\u00ed Nadace sportuj\u00edc\u00ed ml\u00e1de\u017ee ve spolupr\u00e1ci se Z\u00e1pado\u010deskou univerzitou u\u017e od roku 2014. Ob\u011b instituce si cen\u00ed toho, kdy\u017e sportovn\u011b nadan\u00ed st\u0159edo\u0161kol\u00e1ci a st\u0159edo\u0161kola\u010dky pokra\u010duj\u00ed ve sv\u00e9m dal\u0161\u00edm vzd\u011bl\u00e1v\u00e1n\u00ed na univerzit\u011b. \u201e<i>Z\u00e1pado\u010desk\u00e1 univerzita se sna\u017e\u00ed vytvo\u0159it studuj\u00edc\u00edm co nejlep\u0161\u00ed podm\u00ednky pro sklouben\u00ed sportu a studia. D\u00edky na\u0161\u00ed spolupr\u00e1ci s ministerstvem \u0161kolstv\u00ed a resortn\u00edm sportovn\u00edm centrem VICTORIA VSC mohou na\u0161i studenti a studentky s vynikaj\u00edc\u00edmi sportovn\u00edmi v\u00fdsledky z\u00edskat podporu stipendijn\u00edho programu UNIS. Ta jim umo\u017e\u0148uje se v\u011bnovat studiu a z\u00e1rove\u0148 tr\u00e9novat a \u00fa\u010dastnit se sout\u011b\u017e\u00ed,\u201c<\/i>\u00a0p\u0159ipom\u00edn\u00e1 rektor Miroslav L\u00e1vi\u010dka.\u00a0<a href=\"https:\/\/www.zcu.cz\/cs\/Admission\/Bachelor-and-master-studies\/Sport\/Program-UNIS.html\">Program UNIS<\/a>\u00a0administruje na Z\u010cU Centrum t\u011blesn\u00e9 v\u00fdchovy a sportu Fakulty pedagogick\u00e9. Sv\u00e9 studuj\u00edc\u00ed, kte\u0159\u00ed dosahuj\u00ed vynikaj\u00edc\u00edch sportovn\u00edch v\u00fdsledk\u016f, ka\u017edoro\u010dn\u011b univerzita oce\u0148uje mimo\u0159\u00e1dn\u00fdm stipendiem, ud\u011blovan\u00fdm ve spolupr\u00e1ci s m\u011bstem Plzn\u00ed a Plze\u0148sk\u00fdm krajem.<\/p>\n<p>&nbsp;<\/p>\n<p>V\u00edt\u011bzkou sout\u011b\u017ee Sportovec Plzn\u011b 2022 se v kategorii star\u0161\u00edho \u017eactva stala tenistka Eli\u0161ka Forejtkov\u00e1, v dorostu si cenu odnesla sportovn\u00ed st\u0159elkyn\u011b Veronika Bla\u017e\u00ed\u010dkov\u00e1. Vyhl\u00e1\u0161en\u00ed presti\u017en\u00ed ankety p\u0159ipravila Nadace sportuj\u00edc\u00ed ml\u00e1de\u017ee pod z\u00e1\u0161titou prim\u00e1tora m\u011bsta Romana Zarzyck\u00e9ho. Podrobn\u00e9 v\u00fdsledky jsou zve\u0159ejn\u011bna na\u00a0<a href=\"https:\/\/www.sportovecplzne.cz\/sportovci-plzne-2022-jsou-eliska-forejtkova-a-veronika-blazickova\/\">webu sout\u011b\u017ee<\/a>.<\/p>\n<p>Z atlet\u016f se prosadili i dal\u0161\u00ed mlad\u0161\u00ed \u017e\u00e1kyn\u011b Emma Nov\u00e1kov\u00e1 \u010di t\u00fdm junior\u016f AK \u0160KODA Plze\u0148<\/p>\n<\/div>\n<p>Zdroj zcu.cz<\/p>\n","protected":false},"excerpt":{"rendered":"<p>Cenu rektora Z\u010cU v sout\u011b\u017ei Sportovec Plzn\u011b z\u00edskal Jan \u0160karban V \u00fater\u00fd 11. dubna byli v ob\u0159adn\u00ed s\u00edni plze\u0148sk\u00e9 radnice vyhl\u00e1\u0161eni nejlep\u0161\u00ed sportovci Plzn\u011b za&hellip;<\/p>\n","protected":false},"author":2,"featured_media":3030,"comment_status":"closed","ping_status":"closed","sticky":false,"template":"","format":"standard","meta":{"footnotes":""},"categories":[1],"tags":[],"jetpack_sharing_enabled":true,"jetpack_featured_media_url":"http:\/\/pkas.cz\/wp-content\/uploads\/2022\/08\/SKARBAN.jpg","_links":{"self":[{"href":"http:\/\/pkas.cz\/index.php?rest_route=\/wp\/v2\/posts\/3514"}],"collection":[{"href":"http:\/\/pkas.cz\/index.php?rest_route=\/wp\/v2\/posts"}],"about":[{"href":"http:\/\/pkas.cz\/index.php?rest_route=\/wp\/v2\/types\/post"}],"author":[{"embeddable":true,"href":"http:\/\/pkas.cz\/index.php?rest_route=\/wp\/v2\/users\/2"}],"replies":[{"embeddable":true,"href":"http:\/\/pkas.cz\/index.php?rest_route=%2Fwp%2Fv2%2Fcomments&post=3514"}],"version-history":[{"count":1,"href":"http:\/\/pkas.cz\/index.php?rest_route=\/wp\/v2\/posts\/3514\/revisions"}],"predecessor-version":[{"id":3515,"href":"http:\/\/pkas.cz\/index.php?rest_route=\/wp\/v2\/posts\/3514\/revisions\/3515"}],"wp:featuredmedia":[{"embeddable":true,"href":"http:\/\/pkas.cz\/index.php?rest_route=\/wp\/v2\/media\/3030"}],"wp:attachment":[{"href":"http:\/\/pkas.cz\/index.php?rest_route=%2Fwp%2Fv2%2Fmedia&parent=3514"}],"wp:term":[{"taxonomy":"category","embeddable":true,"href":"http:\/\/pkas.cz\/index.php?rest_route=%2Fwp%2Fv2%2Fcategories&post=3514"},{"taxonomy":"post_tag","embeddable":true,"href":"http:\/\/pkas.cz\/index.php?rest_route=%2Fwp%2Fv2%2Ftags&post=3514"}],"curies":[{"name":"wp","href":"https:\/\/api.w.org\/{rel}","templated":true}]}}