{"id":3511,"date":"2023-04-12T15:16:22","date_gmt":"2023-04-12T13:16:22","guid":{"rendered":"http:\/\/pkas.cz\/?p=3511"},"modified":"2023-04-12T21:11:47","modified_gmt":"2023-04-12T19:11:47","slug":"bezecky-pohar-mladeze-plzenskeho-kraje-2023-na-startu","status":"publish","type":"post","link":"http:\/\/pkas.cz\/?p=3511","title":{"rendered":"B\u011b\u017eeck\u00fd poh\u00e1r ml\u00e1de\u017ee Plze\u0148sk\u00e9ho kraje 2023 na startu"},"content":{"rendered":"<h1>B\u011b\u017eeck\u00fd poh\u00e1r ml\u00e1de\u017ee Plze\u0148sk\u00e9ho kraje 2023 na startu<\/h1>\n<figure id=\"attachment_717\" aria-describedby=\"caption-attachment-717\" style=\"width: 300px\" class=\"wp-caption alignnone\"><img loading=\"lazy\" decoding=\"async\" class=\"size-medium wp-image-717\" src=\"http:\/\/pkas.cz\/wp-content\/uploads\/2020\/01\/PKAS_logo-pr\u016fhledn\u00fd-e1663571776431-300x225.png\" alt=\"logo_new\" width=\"300\" height=\"225\" \/><figcaption id=\"caption-attachment-717\" class=\"wp-caption-text\">Nov\u00e9 logo PKAS<\/figcaption><\/figure>\n<p>Ostr\u00fd start za\u017eije leto\u0161n\u00ed 14. ro\u010dn\u00edk B\u011b\u017eeck\u00e9ho poh\u00e1ru ml\u00e1de\u017ee Plze\u0148sk\u00e9ho kraje.<\/p>\n<p>V ned\u011bli 16.4. se kon\u00e1 podruh\u00e9 v Tachov\u011b B\u011bh mraven\u010d\u00ed stezkou. <a href=\"http:\/\/www.pro-sport.cz\/sites\/PRO-SPORT.cz\/repository\/Propozice_B__h_mraven_____stezkou_2023.pdf\">PROPOZICE\u00a0 Z\u00c1VODU<\/a><\/p>\n<p>N\u00e1sledn\u011b hned ve st\u0159edu 19.4. se uskute\u010dn\u00ed B\u011bh osvobozen\u00ed v Plzni &#8211; Litic\u00edch. <a href=\"http:\/\/www.pro-sport.cz\/sites\/PRO-SPORT.cz\/\/repository\/Propozice_BO_23.pdf\">PROPOZICE Z\u00c1VODU<\/a><\/p>\n<p>Premi\u00e9rov\u011b zav\u00edt\u00e1 seri\u00e1l i do Hor\u0161ovsk\u00e9ho T\u00fdna, 1.5. se pob\u011b\u017e\u00ed v m\u00edstn\u00ed z\u00e1meck\u00e9m parku. B\u011bh z\u00e1meck\u00fdm parkem. <a href=\"http:\/\/www.pro-sport.cz\/sites\/PRO-SPORT.cz\/repository\/B__h_z__meck__m_parkem_2023.pdf\">PROPOZICE Z\u00c1VODU<\/a><\/p>\n<p>Jarn\u00ed \u010d\u00e1st seri\u00e1lu uzav\u0159e 13.5. B\u011bh zelenovsk\u00fdm \u00fadol\u00edm.<\/p>\n<p>&nbsp;<\/p>\n","protected":false},"excerpt":{"rendered":"<p>B\u011b\u017eeck\u00fd poh\u00e1r ml\u00e1de\u017ee Plze\u0148sk\u00e9ho kraje 2023 na startu Ostr\u00fd start za\u017eije leto\u0161n\u00ed 14. ro\u010dn\u00edk B\u011b\u017eeck\u00e9ho poh\u00e1ru ml\u00e1de\u017ee Plze\u0148sk\u00e9ho kraje. V ned\u011bli 16.4. se kon\u00e1 podruh\u00e9&hellip;<\/p>\n","protected":false},"author":2,"featured_media":717,"comment_status":"closed","ping_status":"closed","sticky":false,"template":"","format":"standard","meta":{"footnotes":""},"categories":[1],"tags":[],"jetpack_sharing_enabled":true,"jetpack_featured_media_url":"http:\/\/pkas.cz\/wp-content\/uploads\/2020\/01\/PKAS_logo-pr\u016fhledn\u00fd.png","_links":{"self":[{"href":"http:\/\/pkas.cz\/index.php?rest_route=\/wp\/v2\/posts\/3511"}],"collection":[{"href":"http:\/\/pkas.cz\/index.php?rest_route=\/wp\/v2\/posts"}],"about":[{"href":"http:\/\/pkas.cz\/index.php?rest_route=\/wp\/v2\/types\/post"}],"author":[{"embeddable":true,"href":"http:\/\/pkas.cz\/index.php?rest_route=\/wp\/v2\/users\/2"}],"replies":[{"embeddable":true,"href":"http:\/\/pkas.cz\/index.php?rest_route=%2Fwp%2Fv2%2Fcomments&post=3511"}],"version-history":[{"count":1,"href":"http:\/\/pkas.cz\/index.php?rest_route=\/wp\/v2\/posts\/3511\/revisions"}],"predecessor-version":[{"id":3513,"href":"http:\/\/pkas.cz\/index.php?rest_route=\/wp\/v2\/posts\/3511\/revisions\/3513"}],"wp:featuredmedia":[{"embeddable":true,"href":"http:\/\/pkas.cz\/index.php?rest_route=\/wp\/v2\/media\/717"}],"wp:attachment":[{"href":"http:\/\/pkas.cz\/index.php?rest_route=%2Fwp%2Fv2%2Fmedia&parent=3511"}],"wp:term":[{"taxonomy":"category","embeddable":true,"href":"http:\/\/pkas.cz\/index.php?rest_route=%2Fwp%2Fv2%2Fcategories&post=3511"},{"taxonomy":"post_tag","embeddable":true,"href":"http:\/\/pkas.cz\/index.php?rest_route=%2Fwp%2Fv2%2Ftags&post=3511"}],"curies":[{"name":"wp","href":"https:\/\/api.w.org\/{rel}","templated":true}]}}