{"id":3500,"date":"2023-04-02T08:47:57","date_gmt":"2023-04-02T06:47:57","guid":{"rendered":"http:\/\/pkas.cz\/?p=3500"},"modified":"2023-04-02T08:47:57","modified_gmt":"2023-04-02T06:47:57","slug":"prazsky-pulmaraton","status":"publish","type":"post","link":"http:\/\/pkas.cz\/?p=3500","title":{"rendered":"Pra\u017esk\u00fd p\u016flmaraton"},"content":{"rendered":"<h1>Pra\u017esk\u00fd p\u016flmaraton<\/h1>\n<p><img loading=\"lazy\" decoding=\"async\" class=\"alignnone size-medium wp-image-3241\" src=\"http:\/\/pkas.cz\/wp-content\/uploads\/2022\/11\/Hrochova-kros-2022-300x300.jpg\" alt=\"\" width=\"300\" height=\"300\" srcset=\"http:\/\/pkas.cz\/wp-content\/uploads\/2022\/11\/Hrochova-kros-2022-300x300.jpg 300w, http:\/\/pkas.cz\/wp-content\/uploads\/2022\/11\/Hrochova-kros-2022-150x150.jpg 150w, http:\/\/pkas.cz\/wp-content\/uploads\/2022\/11\/Hrochova-kros-2022-768x768.jpg 768w, http:\/\/pkas.cz\/wp-content\/uploads\/2022\/11\/Hrochova-kros-2022.jpg 960w\" sizes=\"(max-width: 300px) 100vw, 300px\" \/><\/p>\n<p>Ilustra\u010dn\u00ed z\u00e1b\u011br<\/p>\n<p>Tradi\u010dn\u011b prvn\u00ed v\u00edkend v dubnu se kon\u00e1 jedna z nejmasov\u011bj\u0161\u00edch b\u011b\u017eeck\u00fdch akc\u00ed &#8211; Pra\u017esk\u00fd p\u016flmaraton.<\/p>\n<p>Mezi TOP\u00a0 z\u00e1vodn\u00edky se objevili i dva z\u00e1stupci ze \u0160kody Plze\u0148.<\/p>\n<p>\u010cerstv\u00fd \u0160kodov\u00e1k <strong>Jaroslav V\u00e9br<\/strong> byl nejlep\u0161\u00ed z \u010cech\u016f v mu\u017esk\u00e9 \u010d\u00e1sti a v nov\u00e9m osobn\u00edm rekordu 1:05,42 obsadil celkov\u011b 11. m\u00edsto<\/p>\n<p>Rozhovor s Jaroslavem V\u00e9brem <a href=\"http:\/\/&lt;iframe width=&quot;858&quot; height=&quot;343&quot; src=&quot;https:\/\/www.youtube.com\/embed\/2yTSessx09s&quot; title=&quot;Patrik Vebr po pra\u017esk\u00e9m p\u016flmaratonu 2023&quot; frameborder=&quot;0&quot; allow=&quot;accelerometer; autoplay; clipboard-write; encrypted-media; gyroscope; picture-in-picture; web-share&quot; allowfullscreen&gt;&lt;\/iframe&gt;\">ZDE<\/a><\/p>\n<p><strong>Tereza Hrochov\u00e1<\/strong> byla z \u010desk\u00fdch z\u00e1vodnic druh\u00e1, kdy\u017e podlehla Moi\u0159e Stewartov\u00e9. Terky \u010das 1:13,07 sta\u010dil na osm\u00e9 m\u00edsto.<\/p>\n","protected":false},"excerpt":{"rendered":"<p>Pra\u017esk\u00fd p\u016flmaraton Ilustra\u010dn\u00ed z\u00e1b\u011br Tradi\u010dn\u011b prvn\u00ed v\u00edkend v dubnu se kon\u00e1 jedna z nejmasov\u011bj\u0161\u00edch b\u011b\u017eeck\u00fdch akc\u00ed &#8211; Pra\u017esk\u00fd p\u016flmaraton. Mezi TOP\u00a0 z\u00e1vodn\u00edky se objevili i&hellip;<\/p>\n","protected":false},"author":2,"featured_media":3241,"comment_status":"closed","ping_status":"closed","sticky":false,"template":"","format":"standard","meta":{"footnotes":""},"categories":[1],"tags":[],"jetpack_sharing_enabled":true,"jetpack_featured_media_url":"http:\/\/pkas.cz\/wp-content\/uploads\/2022\/11\/Hrochova-kros-2022.jpg","_links":{"self":[{"href":"http:\/\/pkas.cz\/index.php?rest_route=\/wp\/v2\/posts\/3500"}],"collection":[{"href":"http:\/\/pkas.cz\/index.php?rest_route=\/wp\/v2\/posts"}],"about":[{"href":"http:\/\/pkas.cz\/index.php?rest_route=\/wp\/v2\/types\/post"}],"author":[{"embeddable":true,"href":"http:\/\/pkas.cz\/index.php?rest_route=\/wp\/v2\/users\/2"}],"replies":[{"embeddable":true,"href":"http:\/\/pkas.cz\/index.php?rest_route=%2Fwp%2Fv2%2Fcomments&post=3500"}],"version-history":[{"count":2,"href":"http:\/\/pkas.cz\/index.php?rest_route=\/wp\/v2\/posts\/3500\/revisions"}],"predecessor-version":[{"id":3508,"href":"http:\/\/pkas.cz\/index.php?rest_route=\/wp\/v2\/posts\/3500\/revisions\/3508"}],"wp:featuredmedia":[{"embeddable":true,"href":"http:\/\/pkas.cz\/index.php?rest_route=\/wp\/v2\/media\/3241"}],"wp:attachment":[{"href":"http:\/\/pkas.cz\/index.php?rest_route=%2Fwp%2Fv2%2Fmedia&parent=3500"}],"wp:term":[{"taxonomy":"category","embeddable":true,"href":"http:\/\/pkas.cz\/index.php?rest_route=%2Fwp%2Fv2%2Fcategories&post=3500"},{"taxonomy":"post_tag","embeddable":true,"href":"http:\/\/pkas.cz\/index.php?rest_route=%2Fwp%2Fv2%2Ftags&post=3500"}],"curies":[{"name":"wp","href":"https:\/\/api.w.org\/{rel}","templated":true}]}}