{"id":3493,"date":"2023-03-27T17:13:59","date_gmt":"2023-03-27T15:13:59","guid":{"rendered":"http:\/\/pkas.cz\/?p=3493"},"modified":"2023-03-27T17:13:59","modified_gmt":"2023-03-27T15:13:59","slug":"na-chodeckem-mitinku-a-zaroven-mcr-v-dudincich-i-borci-ze-skody-plzen","status":"publish","type":"post","link":"http:\/\/pkas.cz\/?p=3493","title":{"rendered":"Na chodeck\u00e9m m\u00edtinku a z\u00e1rove\u0148 M\u010cR v Dudinc\u00edch i borci ze \u0160kody Plze\u0148"},"content":{"rendered":"<h1>Na chodeck\u00e9m m\u00edtinku a z\u00e1rove\u0148 M\u010cR v Dudinc\u00edch i borci ze \u0160kody Plze\u0148<\/h1>\n<p><img loading=\"lazy\" decoding=\"async\" class=\"alignnone size-medium wp-image-3494\" src=\"http:\/\/pkas.cz\/wp-content\/uploads\/2023\/03\/moaravekdudince2023-300x300.jpg\" alt=\"\" width=\"300\" height=\"300\" srcset=\"http:\/\/pkas.cz\/wp-content\/uploads\/2023\/03\/moaravekdudince2023-300x300.jpg 300w, http:\/\/pkas.cz\/wp-content\/uploads\/2023\/03\/moaravekdudince2023-150x150.jpg 150w, http:\/\/pkas.cz\/wp-content\/uploads\/2023\/03\/moaravekdudince2023.jpg 526w\" sizes=\"(max-width: 300px) 100vw, 300px\" \/><\/p>\n<div dir=\"auto\">Na M\u010cR v ch\u016fzi na 35 km ve slovensk\u00fdch Dudinc\u00edch m\u011bla AK \u0160KODA Plze\u0148 dva z\u00e1stupce &#8211; <strong>Nelly Bug\u00e1rov\u00e1<\/strong> skon\u010dila na 4. m\u00edst\u011b v nov\u00e9m osobn\u00edm rekordu 3:30,16 min a <strong>Michaela Baklikov\u00e1<\/strong> z\u00e1vod nedokon\u010dila pro zran\u011bn\u00ed kotn\u00edku na ob\u010derstvovac\u00ed stanici, ke \u0161patn\u011b do\u0161l\u00e1pla.<\/div>\n<div dir=\"auto\"><\/div>\n<div dir=\"auto\">\u00a0<strong>Jarom\u00edr Mor\u00e1vek<\/strong> se pokou\u0161el o spln\u011bn\u00ed limitu na ME do 22 let ve vlo\u017een\u00e9m z\u00e1vodu na 20 km. Limit nakonec odolal o v\u00edce jak dv\u011b minuty. Dal\u0161\u00ed pokus \u010dek\u00e1 Jarom\u00edra ji\u017e za 3 t\u00fddny v Olomouci.<\/div>\n<div dir=\"auto\">Sv\u016fj prvn\u00ed mezin\u00e1rodn\u00ed start vyzkou\u0161ela i\u00a0 \u017e\u00e1kyn\u011b <strong>Aneta Doj\u010darov\u00e1<\/strong>, ta na trati 3km v konkurenci soupe\u0159ek ze sedmy st\u00e1t\u016f obsadila v nov\u00e9m osobn\u00edm rekordu 13.m\u00edsto.<\/div>\n<div dir=\"auto\"><\/div>\n<div dir=\"auto\"><a href=\"https:\/\/online.atletika.cz\/vysledky\/67436\/1545\">V\u00ddSLEDKY<\/a><\/div>\n<div dir=\"auto\"><\/div>\n<div dir=\"auto\"><\/div>\n","protected":false},"excerpt":{"rendered":"<p>Na chodeck\u00e9m m\u00edtinku a z\u00e1rove\u0148 M\u010cR v Dudinc\u00edch i borci ze \u0160kody Plze\u0148 Na M\u010cR v ch\u016fzi na 35 km ve slovensk\u00fdch Dudinc\u00edch m\u011bla AK&hellip;<\/p>\n","protected":false},"author":2,"featured_media":3494,"comment_status":"closed","ping_status":"closed","sticky":false,"template":"","format":"standard","meta":{"footnotes":""},"categories":[1],"tags":[],"jetpack_sharing_enabled":true,"jetpack_featured_media_url":"http:\/\/pkas.cz\/wp-content\/uploads\/2023\/03\/moaravekdudince2023.jpg","_links":{"self":[{"href":"http:\/\/pkas.cz\/index.php?rest_route=\/wp\/v2\/posts\/3493"}],"collection":[{"href":"http:\/\/pkas.cz\/index.php?rest_route=\/wp\/v2\/posts"}],"about":[{"href":"http:\/\/pkas.cz\/index.php?rest_route=\/wp\/v2\/types\/post"}],"author":[{"embeddable":true,"href":"http:\/\/pkas.cz\/index.php?rest_route=\/wp\/v2\/users\/2"}],"replies":[{"embeddable":true,"href":"http:\/\/pkas.cz\/index.php?rest_route=%2Fwp%2Fv2%2Fcomments&post=3493"}],"version-history":[{"count":1,"href":"http:\/\/pkas.cz\/index.php?rest_route=\/wp\/v2\/posts\/3493\/revisions"}],"predecessor-version":[{"id":3495,"href":"http:\/\/pkas.cz\/index.php?rest_route=\/wp\/v2\/posts\/3493\/revisions\/3495"}],"wp:featuredmedia":[{"embeddable":true,"href":"http:\/\/pkas.cz\/index.php?rest_route=\/wp\/v2\/media\/3494"}],"wp:attachment":[{"href":"http:\/\/pkas.cz\/index.php?rest_route=%2Fwp%2Fv2%2Fmedia&parent=3493"}],"wp:term":[{"taxonomy":"category","embeddable":true,"href":"http:\/\/pkas.cz\/index.php?rest_route=%2Fwp%2Fv2%2Fcategories&post=3493"},{"taxonomy":"post_tag","embeddable":true,"href":"http:\/\/pkas.cz\/index.php?rest_route=%2Fwp%2Fv2%2Ftags&post=3493"}],"curies":[{"name":"wp","href":"https:\/\/api.w.org\/{rel}","templated":true}]}}