{"id":3473,"date":"2023-03-13T08:00:03","date_gmt":"2023-03-13T07:00:03","guid":{"rendered":"http:\/\/pkas.cz\/?p=3473"},"modified":"2023-03-13T23:53:20","modified_gmt":"2023-03-13T22:53:20","slug":"fotoohlednuti-za-om-zactva-v-hale","status":"publish","type":"post","link":"http:\/\/pkas.cz\/?p=3473","title":{"rendered":"Fotoohl\u00e9dnut\u00ed za OM \u017eactva v hale"},"content":{"rendered":"<h1>Fotoohl\u00e9dnut\u00ed za OM \u017eactva v hale<\/h1>\n<p><img loading=\"lazy\" decoding=\"async\" class=\"alignnone size-medium wp-image-3474\" src=\"http:\/\/pkas.cz\/wp-content\/uploads\/2023\/03\/FOTOompkas2023-300x200.jpg\" alt=\"\" width=\"300\" height=\"200\" srcset=\"http:\/\/pkas.cz\/wp-content\/uploads\/2023\/03\/FOTOompkas2023-300x200.jpg 300w, http:\/\/pkas.cz\/wp-content\/uploads\/2023\/03\/FOTOompkas2023-1024x682.jpg 1024w, http:\/\/pkas.cz\/wp-content\/uploads\/2023\/03\/FOTOompkas2023-768x512.jpg 768w, http:\/\/pkas.cz\/wp-content\/uploads\/2023\/03\/FOTOompkas2023-391x260.jpg 391w, http:\/\/pkas.cz\/wp-content\/uploads\/2023\/03\/FOTOompkas2023-1536x1024.jpg 1536w, http:\/\/pkas.cz\/wp-content\/uploads\/2023\/03\/FOTOompkas2023.jpg 2000w\" sizes=\"(max-width: 300px) 100vw, 300px\" \/><\/p>\n<p>Halov\u00e1 sez\u00f3na je skoro u konce. P\u0159in\u00e1\u0161\u00edme je\u0161t\u011b jedno fotoohl\u00e9dnut\u00ed za OM PKAS \u017eactva z d\u00edlny Heleny Smol\u00edkov\u00e9<\/p>\n<p><a href=\"https:\/\/fotbaldom.rajce.idnes.cz\/Mistrovstvi_Plzenskeho_kraje_-_Praha_-_Stromovka_19._2._2023\/\">FOTOGALERIE<\/a><\/p>\n","protected":false},"excerpt":{"rendered":"<p>Fotoohl\u00e9dnut\u00ed za OM \u017eactva v hale Halov\u00e1 sez\u00f3na je skoro u konce. P\u0159in\u00e1\u0161\u00edme je\u0161t\u011b jedno fotoohl\u00e9dnut\u00ed za OM PKAS \u017eactva z d\u00edlny Heleny Smol\u00edkov\u00e9 FOTOGALERIE<\/p>\n","protected":false},"author":2,"featured_media":3474,"comment_status":"closed","ping_status":"closed","sticky":false,"template":"","format":"standard","meta":{"footnotes":""},"categories":[1],"tags":[],"jetpack_sharing_enabled":true,"jetpack_featured_media_url":"http:\/\/pkas.cz\/wp-content\/uploads\/2023\/03\/FOTOompkas2023.jpg","_links":{"self":[{"href":"http:\/\/pkas.cz\/index.php?rest_route=\/wp\/v2\/posts\/3473"}],"collection":[{"href":"http:\/\/pkas.cz\/index.php?rest_route=\/wp\/v2\/posts"}],"about":[{"href":"http:\/\/pkas.cz\/index.php?rest_route=\/wp\/v2\/types\/post"}],"author":[{"embeddable":true,"href":"http:\/\/pkas.cz\/index.php?rest_route=\/wp\/v2\/users\/2"}],"replies":[{"embeddable":true,"href":"http:\/\/pkas.cz\/index.php?rest_route=%2Fwp%2Fv2%2Fcomments&post=3473"}],"version-history":[{"count":1,"href":"http:\/\/pkas.cz\/index.php?rest_route=\/wp\/v2\/posts\/3473\/revisions"}],"predecessor-version":[{"id":3475,"href":"http:\/\/pkas.cz\/index.php?rest_route=\/wp\/v2\/posts\/3473\/revisions\/3475"}],"wp:featuredmedia":[{"embeddable":true,"href":"http:\/\/pkas.cz\/index.php?rest_route=\/wp\/v2\/media\/3474"}],"wp:attachment":[{"href":"http:\/\/pkas.cz\/index.php?rest_route=%2Fwp%2Fv2%2Fmedia&parent=3473"}],"wp:term":[{"taxonomy":"category","embeddable":true,"href":"http:\/\/pkas.cz\/index.php?rest_route=%2Fwp%2Fv2%2Fcategories&post=3473"},{"taxonomy":"post_tag","embeddable":true,"href":"http:\/\/pkas.cz\/index.php?rest_route=%2Fwp%2Fv2%2Ftags&post=3473"}],"curies":[{"name":"wp","href":"https:\/\/api.w.org\/{rel}","templated":true}]}}