{"id":3467,"date":"2023-03-13T09:22:26","date_gmt":"2023-03-13T08:22:26","guid":{"rendered":"http:\/\/pkas.cz\/?p=3467"},"modified":"2023-03-13T09:22:26","modified_gmt":"2023-03-13T08:22:26","slug":"evropsky-pohar-ve-vrzich-uspesne-vystoupeni-petry-sicakove","status":"publish","type":"post","link":"http:\/\/pkas.cz\/?p=3467","title":{"rendered":"Evropsk\u00fd poh\u00e1r ve vrz\u00edch: \u00dasp\u011b\u0161n\u00e9 vystoupen\u00ed Petry Si\u010dakov\u00e9"},"content":{"rendered":"<h1>Evropsk\u00fd poh\u00e1r ve vrz\u00edch: \u00dasp\u011b\u0161n\u00e9 vystoupen\u00ed Petry Si\u010dakov\u00e9<\/h1>\n<p><img loading=\"lazy\" decoding=\"async\" class=\"alignnone size-medium wp-image-3468\" src=\"http:\/\/pkas.cz\/wp-content\/uploads\/2023\/03\/600X480__sicakova-300x240.jpg\" alt=\"\" width=\"300\" height=\"240\" srcset=\"http:\/\/pkas.cz\/wp-content\/uploads\/2023\/03\/600X480__sicakova-300x240.jpg 300w, http:\/\/pkas.cz\/wp-content\/uploads\/2023\/03\/600X480__sicakova.jpg 599w\" sizes=\"(max-width: 300px) 100vw, 300px\" \/><\/p>\n<p>Fotozdroj \u010cAS<\/p>\n<p>Hned trojice z\u00e1stupc\u016f AK \u0160KODA Plze\u0148 byla nominov\u00e1na na Evropsk\u00fd poh\u00e1r ve vrz\u00edch v portugalsk\u00e9 Lei\u0159e.<\/p>\n<p>Na za\u010d\u00e1tek sez\u00f3ny se da\u0159ilo o\u0161t\u011bpa\u0159ce <strong>Pet\u0159e Si\u010dakov\u00e9<\/strong>, kter\u00e1 si hodila nov\u00fd osobn\u00ed rekord 55,23m a z\u00edskala st\u0159\u00edbrnou medaili v kategorii do 23 let. Z\u00e1rove\u0148 se t\u00edmto v\u00fdkonem nominovala na ME do 23 let, kter\u00e9 se uskute\u010dn\u00ed v l\u00e9t\u011b ve finsk\u00e9m Espou.<\/p>\n<p>Celkov\u011b osmn\u00e1ct\u00fdm m\u00edstem a v\u00fdkonem 53,07m se prezentovala diska\u0159ka <strong>Barbora Tich\u00e1.\u00a0<\/strong><\/p>\n<p><strong>Tom\u00e1\u0161 Proch\u00e1zka<\/strong>\u00a0byl jedn\u00edm z\u00a0nejmlad\u0161\u00edch \u00fa\u010dastn\u00edk\u016f koula\u0159sk\u00e9ho z\u00e1vodu do 23 let. V\u00a0pr\u016fb\u011bhu sout\u011b\u017ee zaznamenal jedin\u00fd m\u011b\u0159en\u00fd pokus, a to hned v\u00a0\u00favodn\u00ed s\u00e9rii, kdy zapsal 16.12. V\u00a0sou\u010dtu obou fin\u00e1lov\u00fdch kl\u00e1n\u00ed to sta\u010dilo na t\u0159in\u00e1ctou p\u0159\u00ed\u010dku.<\/p>\n<p><a href=\"https:\/\/leiria23results.european-athletics.com\/en\/results\/athletics\/daily-schedule-date=2023-03-12.htm\">V\u00ddSLEDKY<\/a><\/p>\n<p>Ve spolupr\u00e1ci s \u010cAS<\/p>\n","protected":false},"excerpt":{"rendered":"<p>Evropsk\u00fd poh\u00e1r ve vrz\u00edch: \u00dasp\u011b\u0161n\u00e9 vystoupen\u00ed Petry Si\u010dakov\u00e9 Fotozdroj \u010cAS Hned trojice z\u00e1stupc\u016f AK \u0160KODA Plze\u0148 byla nominov\u00e1na na Evropsk\u00fd poh\u00e1r ve vrz\u00edch v portugalsk\u00e9&hellip;<\/p>\n","protected":false},"author":2,"featured_media":3468,"comment_status":"closed","ping_status":"closed","sticky":false,"template":"","format":"standard","meta":{"footnotes":""},"categories":[1],"tags":[],"jetpack_sharing_enabled":true,"jetpack_featured_media_url":"http:\/\/pkas.cz\/wp-content\/uploads\/2023\/03\/600X480__sicakova.jpg","_links":{"self":[{"href":"http:\/\/pkas.cz\/index.php?rest_route=\/wp\/v2\/posts\/3467"}],"collection":[{"href":"http:\/\/pkas.cz\/index.php?rest_route=\/wp\/v2\/posts"}],"about":[{"href":"http:\/\/pkas.cz\/index.php?rest_route=\/wp\/v2\/types\/post"}],"author":[{"embeddable":true,"href":"http:\/\/pkas.cz\/index.php?rest_route=\/wp\/v2\/users\/2"}],"replies":[{"embeddable":true,"href":"http:\/\/pkas.cz\/index.php?rest_route=%2Fwp%2Fv2%2Fcomments&post=3467"}],"version-history":[{"count":1,"href":"http:\/\/pkas.cz\/index.php?rest_route=\/wp\/v2\/posts\/3467\/revisions"}],"predecessor-version":[{"id":3469,"href":"http:\/\/pkas.cz\/index.php?rest_route=\/wp\/v2\/posts\/3467\/revisions\/3469"}],"wp:featuredmedia":[{"embeddable":true,"href":"http:\/\/pkas.cz\/index.php?rest_route=\/wp\/v2\/media\/3468"}],"wp:attachment":[{"href":"http:\/\/pkas.cz\/index.php?rest_route=%2Fwp%2Fv2%2Fmedia&parent=3467"}],"wp:term":[{"taxonomy":"category","embeddable":true,"href":"http:\/\/pkas.cz\/index.php?rest_route=%2Fwp%2Fv2%2Fcategories&post=3467"},{"taxonomy":"post_tag","embeddable":true,"href":"http:\/\/pkas.cz\/index.php?rest_route=%2Fwp%2Fv2%2Ftags&post=3467"}],"curies":[{"name":"wp","href":"https:\/\/api.w.org\/{rel}","templated":true}]}}