{"id":3454,"date":"2023-03-05T18:00:23","date_gmt":"2023-03-05T17:00:23","guid":{"rendered":"http:\/\/pkas.cz\/?p=3454"},"modified":"2023-03-13T09:14:08","modified_gmt":"2023-03-13T08:14:08","slug":"mcr-zactva-titul-pro-adama-novaka-a-stafetu-skody-plzen","status":"publish","type":"post","link":"http:\/\/pkas.cz\/?p=3454","title":{"rendered":"M\u010cR \u017eactva: Titul pro Adama Nov\u00e1ka, Ond\u0159eje \u0160pirocha a \u0161tafetu \u0160kody Plze\u0148"},"content":{"rendered":"<h1>M\u010cR \u017eactva: Titul pro Adama Nov\u00e1ka, Ond\u0159eje \u0160pirocha a \u0161tafetu \u0160kody Plze\u0148<\/h1>\n<p><img loading=\"lazy\" decoding=\"async\" class=\"alignnone size-medium wp-image-3455\" src=\"http:\/\/pkas.cz\/wp-content\/uploads\/2023\/03\/adam-novak-212x300.jpg\" alt=\"\" width=\"212\" height=\"300\" srcset=\"http:\/\/pkas.cz\/wp-content\/uploads\/2023\/03\/adam-novak-212x300.jpg 212w, http:\/\/pkas.cz\/wp-content\/uploads\/2023\/03\/adam-novak-724x1024.jpg 724w, http:\/\/pkas.cz\/wp-content\/uploads\/2023\/03\/adam-novak-768x1087.jpg 768w, http:\/\/pkas.cz\/wp-content\/uploads\/2023\/03\/adam-novak-1085x1536.jpg 1085w, http:\/\/pkas.cz\/wp-content\/uploads\/2023\/03\/adam-novak.jpg 1447w\" sizes=\"(max-width: 212px) 100vw, 212px\" \/> <img loading=\"lazy\" decoding=\"async\" class=\"alignnone size-medium wp-image-3457\" src=\"http:\/\/pkas.cz\/wp-content\/uploads\/2023\/03\/stribro-na-mcr-225x300.jpg\" alt=\"\" width=\"225\" height=\"300\" srcset=\"http:\/\/pkas.cz\/wp-content\/uploads\/2023\/03\/stribro-na-mcr-225x300.jpg 225w, http:\/\/pkas.cz\/wp-content\/uploads\/2023\/03\/stribro-na-mcr-768x1024.jpg 768w, http:\/\/pkas.cz\/wp-content\/uploads\/2023\/03\/stribro-na-mcr-1152x1536.jpg 1152w, http:\/\/pkas.cz\/wp-content\/uploads\/2023\/03\/stribro-na-mcr.jpg 1242w\" sizes=\"(max-width: 225px) 100vw, 225px\" \/><\/p>\n<h1><img loading=\"lazy\" decoding=\"async\" class=\"wp-image-3463 alignleft\" src=\"http:\/\/pkas.cz\/wp-content\/uploads\/2023\/03\/stafeta-zaci-skoda-300x300.jpg\" alt=\"\" width=\"294\" height=\"294\" srcset=\"http:\/\/pkas.cz\/wp-content\/uploads\/2023\/03\/stafeta-zaci-skoda-300x300.jpg 300w, http:\/\/pkas.cz\/wp-content\/uploads\/2023\/03\/stafeta-zaci-skoda-1024x1024.jpg 1024w, http:\/\/pkas.cz\/wp-content\/uploads\/2023\/03\/stafeta-zaci-skoda-150x150.jpg 150w, http:\/\/pkas.cz\/wp-content\/uploads\/2023\/03\/stafeta-zaci-skoda-768x768.jpg 768w, http:\/\/pkas.cz\/wp-content\/uploads\/2023\/03\/stafeta-zaci-skoda.jpg 1440w\" sizes=\"(max-width: 294px) 100vw, 294px\" \/><\/h1>\n<p>fotografie Karol\u00edna Kupeck\u00e1, Veronika Matulkov\u00e1, facebook AK \u0160KODA<\/p>\n<p>Tradi\u010dn\u011b proti vrcholn\u00e9 halov\u00e9 akci evropsk\u00e9ho \u010di sv\u011btov\u00e9ho form\u00e1tu se kon\u00e1 v \u010cesk\u00e9 republice halov\u00fd \u017e\u00e1kovsk\u00fd \u0161ampion\u00e1t.<\/p>\n<p>I zde z\u00e1pado\u010desk\u00e1 atletika zaznamenala zaj\u00edmav\u00e1 um\u00edst\u011bn\u00ed a n\u011bkolik medailov\u00fdch \u00fasp\u011bch\u016f:<\/p>\n<p><strong>Adam Nov\u00e1k <\/strong>(Sokol SG Plze\u0148) zvl\u00e1dl \u00fasp\u011b\u0161n\u011b rozb\u011bh na 300m a do fin\u00e1le \u0161el jako jeden z favorit\u016f na medaili. Ve fin\u00e1le b\u011b\u017eel skv\u011ble a v nejlep\u0161\u00edm leto\u0161n\u00edm \u010desk\u00e9m \u010dase 37,20s si dob\u011bhl pro zlato.<\/p>\n<p><strong>Ond\u0159ej \u0160piroch<\/strong> (TJ Ban\u00edk St\u0159\u00edbro) nenechal nikoho na pochyb\u00e1ch a ji\u017e od prvn\u00edch metr\u016f ud\u00e1val tempu z\u00e1vodu, vedl na 1000, 2000ma v c\u00edli z toho byl n\u00e1skok 17 sekund na dal\u0161\u00ed pron\u00e1sledovatele. \u010cas v\u00edt\u011bze 09:30.50.<\/p>\n<p><strong>\u0161tafeta 4x200m \u017e\u00e1ci &#8211; AK \u0160KODA Plze\u0148<\/strong> &#8211; velice silnou sprinterskou \u010dtve\u0159ici dali dohromady\u00a0 \u0160kodov\u00e1ci ve slo\u017een\u00ed V\u00edt \u010cechura, Anton\u00edn Pt\u00e1k, Jakub Nygr\u00fdn a V\u00edtek Ko\u0159enek. V leto\u0161n\u00edm nejlep\u0161\u00edm \u010dase 1:37,00 ovl\u00e1dli cel\u00e9 startovn\u00ed pole a vezou do Plzn\u011b zlatou medaili.<\/p>\n<p>St\u0159\u00edbro si vybojovala <strong>Krist\u00fdna Z\u00e1ho\u0159ov\u00e1 <\/strong>(TJ Ban\u00edk St\u0159\u00edbro) na 150m, kdy\u017e se prezentovala v\u00fdkonem 18,79s.<\/p>\n<p><a href=\"https:\/\/online.atletika.cz\/vysledky\/65726\/0\/2\">KOMPLETN\u00cd V\u00ddSLEDKY\u00a0<\/a><\/p>\n<p>&nbsp;<\/p>\n<p>&nbsp;<\/p>\n<p>&nbsp;<\/p>\n<p>&nbsp;<\/p>\n","protected":false},"excerpt":{"rendered":"<p>M\u010cR \u017eactva: Titul pro Adama Nov\u00e1ka, Ond\u0159eje \u0160pirocha a \u0161tafetu \u0160kody Plze\u0148 fotografie Karol\u00edna Kupeck\u00e1, Veronika Matulkov\u00e1, facebook AK \u0160KODA Tradi\u010dn\u011b proti vrcholn\u00e9 halov\u00e9 akci&hellip;<\/p>\n","protected":false},"author":2,"featured_media":3457,"comment_status":"closed","ping_status":"closed","sticky":false,"template":"","format":"standard","meta":{"footnotes":""},"categories":[1],"tags":[],"jetpack_sharing_enabled":true,"jetpack_featured_media_url":"http:\/\/pkas.cz\/wp-content\/uploads\/2023\/03\/stribro-na-mcr.jpg","_links":{"self":[{"href":"http:\/\/pkas.cz\/index.php?rest_route=\/wp\/v2\/posts\/3454"}],"collection":[{"href":"http:\/\/pkas.cz\/index.php?rest_route=\/wp\/v2\/posts"}],"about":[{"href":"http:\/\/pkas.cz\/index.php?rest_route=\/wp\/v2\/types\/post"}],"author":[{"embeddable":true,"href":"http:\/\/pkas.cz\/index.php?rest_route=\/wp\/v2\/users\/2"}],"replies":[{"embeddable":true,"href":"http:\/\/pkas.cz\/index.php?rest_route=%2Fwp%2Fv2%2Fcomments&post=3454"}],"version-history":[{"count":4,"href":"http:\/\/pkas.cz\/index.php?rest_route=\/wp\/v2\/posts\/3454\/revisions"}],"predecessor-version":[{"id":3466,"href":"http:\/\/pkas.cz\/index.php?rest_route=\/wp\/v2\/posts\/3454\/revisions\/3466"}],"wp:featuredmedia":[{"embeddable":true,"href":"http:\/\/pkas.cz\/index.php?rest_route=\/wp\/v2\/media\/3457"}],"wp:attachment":[{"href":"http:\/\/pkas.cz\/index.php?rest_route=%2Fwp%2Fv2%2Fmedia&parent=3454"}],"wp:term":[{"taxonomy":"category","embeddable":true,"href":"http:\/\/pkas.cz\/index.php?rest_route=%2Fwp%2Fv2%2Fcategories&post=3454"},{"taxonomy":"post_tag","embeddable":true,"href":"http:\/\/pkas.cz\/index.php?rest_route=%2Fwp%2Fv2%2Ftags&post=3454"}],"curies":[{"name":"wp","href":"https:\/\/api.w.org\/{rel}","templated":true}]}}