{"id":3451,"date":"2023-03-05T20:24:54","date_gmt":"2023-03-05T19:24:54","guid":{"rendered":"http:\/\/pkas.cz\/?p=3451"},"modified":"2023-03-05T20:24:54","modified_gmt":"2023-03-05T19:24:54","slug":"tereza-petrzilkova-ve-finale-haloveho-mistrovstvi-evropy","status":"publish","type":"post","link":"http:\/\/pkas.cz\/?p=3451","title":{"rendered":"Tereza Petr\u017e\u00edlkov\u00e1 ve fin\u00e1le Halov\u00e9ho mistrovstv\u00ed Evropy"},"content":{"rendered":"<h1>Tereza Petr\u017e\u00edlkov\u00e1 ve fin\u00e1le Halov\u00e9ho mistrovstv\u00ed Evropy<\/h1>\n<p><img loading=\"lazy\" decoding=\"async\" class=\"alignnone size-medium wp-image-3452\" src=\"http:\/\/pkas.cz\/wp-content\/uploads\/2023\/03\/petrzilkovaHME2023-300x300.jpg\" alt=\"\" width=\"300\" height=\"300\" srcset=\"http:\/\/pkas.cz\/wp-content\/uploads\/2023\/03\/petrzilkovaHME2023-300x300.jpg 300w, http:\/\/pkas.cz\/wp-content\/uploads\/2023\/03\/petrzilkovaHME2023-150x150.jpg 150w, http:\/\/pkas.cz\/wp-content\/uploads\/2023\/03\/petrzilkovaHME2023-768x768.jpg 768w, http:\/\/pkas.cz\/wp-content\/uploads\/2023\/03\/petrzilkovaHME2023.jpg 843w\" sizes=\"(max-width: 300px) 100vw, 300px\" \/><\/p>\n<p>fotografie \u010cAS So\u0148a Mal\u00e9terov\u00e1<\/p>\n<p>N\u00e1ro\u010dn\u00fd, ale velice poveden\u00fd v\u00edkend m\u00e1 za sebou <strong>Tereza Petr\u017e\u00edlkov\u00e1. <\/strong>Za uplynul\u00e9 t\u0159i dny absolvovala \u010dty\u0159i 400m trat\u011b, ale krom\u011b z\u00e1\u017eitk\u016f si z Istanbulu veze tak\u00e9 osobn\u00ed rekord 52,14s z rozb\u011bhu, n\u00e1sledn\u011b postoupila do fin\u00e1le, kde obsadila \u0161est\u00e9 m\u00edsto.<\/p>\n<p>Na z\u00e1v\u011br programu rozb\u00edhala \u0161tafetu na 4x400m, kter\u00e1 obsadila nepopul\u00e1rn\u00ed \u010dtvrt\u00e9 m\u00edsto.<\/p>\n<p><a href=\"https:\/\/sport.ceskatelevize.cz\/clanek\/atletika\/halove-mistrovstvi-evropy\/stanek-vybojoval-na-hme-stribro-thiamova-ma-svetovy-rekord\/640204e1f91255b5ebd1cb0d\">PR\u016eB\u011aH Z\u00c1VODU A ROZHOVOR PO SEMIFIN\u00c1LE<\/a><\/p>\n<p><a href=\"https:\/\/sport.ceskatelevize.cz\/clanek\/atletika\/halove-mistrovstvi-evropy\/svabikova-si-na-hme-vyskocila-prvni-seniorsky-bronz\/64035dbff91255b5eb2d5c81\">FIN\u00c1LOV\u00dd Z\u00c1VOD<\/a><\/p>\n<p><a href=\"https:\/\/www.atletika.cz\/istanbul-2023\/\">PODRBON\u011aJ\u0160\u00cd SERVIS<\/a><\/p>\n","protected":false},"excerpt":{"rendered":"<p>Tereza Petr\u017e\u00edlkov\u00e1 ve fin\u00e1le Halov\u00e9ho mistrovstv\u00ed Evropy fotografie \u010cAS So\u0148a Mal\u00e9terov\u00e1 N\u00e1ro\u010dn\u00fd, ale velice poveden\u00fd v\u00edkend m\u00e1 za sebou Tereza Petr\u017e\u00edlkov\u00e1. Za uplynul\u00e9 t\u0159i dny&hellip;<\/p>\n","protected":false},"author":2,"featured_media":3452,"comment_status":"closed","ping_status":"closed","sticky":false,"template":"","format":"standard","meta":{"footnotes":""},"categories":[1],"tags":[],"jetpack_sharing_enabled":true,"jetpack_featured_media_url":"http:\/\/pkas.cz\/wp-content\/uploads\/2023\/03\/petrzilkovaHME2023.jpg","_links":{"self":[{"href":"http:\/\/pkas.cz\/index.php?rest_route=\/wp\/v2\/posts\/3451"}],"collection":[{"href":"http:\/\/pkas.cz\/index.php?rest_route=\/wp\/v2\/posts"}],"about":[{"href":"http:\/\/pkas.cz\/index.php?rest_route=\/wp\/v2\/types\/post"}],"author":[{"embeddable":true,"href":"http:\/\/pkas.cz\/index.php?rest_route=\/wp\/v2\/users\/2"}],"replies":[{"embeddable":true,"href":"http:\/\/pkas.cz\/index.php?rest_route=%2Fwp%2Fv2%2Fcomments&post=3451"}],"version-history":[{"count":1,"href":"http:\/\/pkas.cz\/index.php?rest_route=\/wp\/v2\/posts\/3451\/revisions"}],"predecessor-version":[{"id":3453,"href":"http:\/\/pkas.cz\/index.php?rest_route=\/wp\/v2\/posts\/3451\/revisions\/3453"}],"wp:featuredmedia":[{"embeddable":true,"href":"http:\/\/pkas.cz\/index.php?rest_route=\/wp\/v2\/media\/3452"}],"wp:attachment":[{"href":"http:\/\/pkas.cz\/index.php?rest_route=%2Fwp%2Fv2%2Fmedia&parent=3451"}],"wp:term":[{"taxonomy":"category","embeddable":true,"href":"http:\/\/pkas.cz\/index.php?rest_route=%2Fwp%2Fv2%2Fcategories&post=3451"},{"taxonomy":"post_tag","embeddable":true,"href":"http:\/\/pkas.cz\/index.php?rest_route=%2Fwp%2Fv2%2Ftags&post=3451"}],"curies":[{"name":"wp","href":"https:\/\/api.w.org\/{rel}","templated":true}]}}