{"id":3447,"date":"2023-03-02T21:37:58","date_gmt":"2023-03-02T20:37:58","guid":{"rendered":"http:\/\/pkas.cz\/?p=3447"},"modified":"2023-03-02T21:37:58","modified_gmt":"2023-03-02T20:37:58","slug":"zpravy-z-pkas-zapis-z-vyboru-a-doskolovaci-seminar-treneru","status":"publish","type":"post","link":"http:\/\/pkas.cz\/?p=3447","title":{"rendered":"Zpr\u00e1vy z PKAS: Z\u00e1pis z v\u00fdboru a do\u0161kolovac\u00ed semin\u00e1\u0159 tren\u00e9r\u016f"},"content":{"rendered":"<h1>Zpr\u00e1vy z PKAS: Z\u00e1pis z v\u00fdboru a do\u0161kolovac\u00ed semin\u00e1\u0159 tren\u00e9r\u016f<\/h1>\n<figure id=\"attachment_717\" aria-describedby=\"caption-attachment-717\" style=\"width: 300px\" class=\"wp-caption alignnone\"><img loading=\"lazy\" decoding=\"async\" class=\"size-medium wp-image-717\" src=\"http:\/\/pkas.cz\/wp-content\/uploads\/2020\/01\/PKAS_logo-pr\u016fhledn\u00fd-e1663571776431-300x225.png\" alt=\"logo_new\" width=\"300\" height=\"225\" \/><figcaption id=\"caption-attachment-717\" class=\"wp-caption-text\">Nov\u00e9 logo PKAS<\/figcaption><\/figure>\n<p>Vy\u0161el Z\u00e1pis z jedn\u00e1n\u00ed V\u00fdboru PKAS, kter\u00fd se uskute\u010dnil 21. \u00fanora v Plzni.<\/p>\n<p>Z\u00e1pis ke sta\u017een\u00ed ZDE<\/p>\n<div class=\"head\">\n<div class=\"subject-row\">\n<h2 lang=\"cs\">Do\u0161kolovac\u00ed semin\u00e1\u0159 tren\u00e9r\u016f atletiky<\/h2>\n<\/div>\n<\/div>\n<div class=\"line\"><b style=\"font-size: small;\">Term\u00edn: <\/b><b style=\"font-size: small;\">ned\u011ble 26. 3. 2023, od 10 hod &#8211; do 17 hod<\/b><\/div>\n<div class=\"body apply-styles\" lang=\"cs\">\n<div><span style=\"font-size: small;\"><b>M\u00edsto:<\/b>\u00a0<b><\/b>Kav\u00e1rna BOMBA Caf\u00e9 \/ Atletick\u00fd stadion,\u00a0Vejprnick\u00e1 36, 318 00 Plze\u0148 3<\/span><\/div>\n<div><span style=\"font-size: small;\"><b>\u00da\u010dastnick\u00fd poplatek:\u00a0<\/b>900 K\u010d<\/span><\/div>\n<div><span style=\"font-size: small;\">\u00a0<\/span><\/div>\n<div><span style=\"font-size: small;\">Semin\u00e1\u0159 je ur\u010den tren\u00e9r\u016fm v\u0161ech tren\u00e9rsk\u00fdch t\u0159\u00edd, kte\u0159\u00ed maj\u00ed pro\u0161lou tren\u00e9rskou licenci nebo jim v leto\u0161n\u00edm \u010di nadch\u00e1zej\u00edc\u00edch roc\u00edch proch\u00e1z\u00ed (do\u0161kolovac\u00ed semin\u00e1\u0159 se nebude po\u0159\u00e1dat ka\u017ed\u00fd rok).<\/span><\/div>\n<div><span style=\"font-size: small;\">\u00a0<\/span><\/div>\n<div><span style=\"font-size: small;\">Rovn\u011b\u017e na semin\u00e1\u0159i r\u00e1di p\u0159iv\u00edt\u00e1me dal\u0161\u00ed tren\u00e9ry, kter\u00e9 zaujmou t\u00e9mata host\u016f\/lektor\u016f:<\/span><\/div>\n<div><span style=\"font-size: small;\">\u00a0<\/span><\/div>\n<div>\n<div>Ing. P\u0159emysl \u0160varc &#8211; \u017divotospr\u00e1va olympionika,<\/div>\n<div>Mgr. Aneta Ba\u0161t\u00e1\u0159ov\u00e1 &#8211; fyzioterapie ve sportu,<\/div>\n<div>Mgr. Petra \u0160pottov\u00e1, Ph. D. &#8211; zapojen\u00ed gymnastiky v atletice,<\/div>\n<div>Mgr. Daniela Bene\u0161ov\u00e1. Ph. D. &#8211; psychick\u00e9 aspekty sportovn\u00edho v\u00fdkonu<\/div>\n<\/div>\n<div>\n<p class=\"-wm-MsoNormal\"><b><span style=\"font-size: small;\">Uchaze\u010d\u016fm\/tren\u00e9r\u016fm bude p\u0159id\u011bleno 10 kredit\u016f \/ prodlou\u017eena platnost tren\u00e9rsk\u00e9 licence na dobu 4 let.<\/span><\/b><\/p>\n<\/div>\n<p><span style=\"font-size: small;\">Odkaz na p\u0159ihl\u00e1\u0161en\u00ed a dal\u0161\u00ed informace:\u00a0<a id=\"-wm-__wm_link0\" title=\"https:\/\/registr.atletika.cz\/TrainingRegistration\/Registration\/432\" href=\"https:\/\/registr.atletika.cz\/TrainingRegistration\/Registration\/432\" target=\"_blank\" rel=\"noopener\">https:\/\/registr.atletika.cz\/TrainingRegistration\/Registration\/432<\/a><\/span><\/p>\n<div><b><span style=\"font-size: small;\">P\u0159ihl\u00e1\u0161ky elektronicky na uveden\u00e9m odkazu do 10. 3. 2023.<\/span><\/b><\/div>\n<div><\/div>\n<div>V p\u0159\u00edloze naleznete seznam tren\u00e9r\u016f PKAS s term\u00ednem platnosti licence. Aktu\u00e1ln\u00ed po\u010det kredit\u016f si m\u016f\u017eete ov\u011b\u0159it\u00a0<a title=\"https:\/\/online.atletika.cz\/clenska-sekce\/treneri\/registr-treneru\/\" href=\"https:\/\/online.atletika.cz\/clenska-sekce\/treneri\/registr-treneru\/\" target=\"_blank\" rel=\"noopener\">ZDE<\/a>.<\/div>\n<div><\/div>\n<\/div>\n","protected":false},"excerpt":{"rendered":"<p>Zpr\u00e1vy z PKAS: Z\u00e1pis z v\u00fdboru a do\u0161kolovac\u00ed semin\u00e1\u0159 tren\u00e9r\u016f Vy\u0161el Z\u00e1pis z jedn\u00e1n\u00ed V\u00fdboru PKAS, kter\u00fd se uskute\u010dnil 21. \u00fanora v Plzni. Z\u00e1pis ke&hellip;<\/p>\n","protected":false},"author":2,"featured_media":717,"comment_status":"closed","ping_status":"closed","sticky":false,"template":"","format":"standard","meta":{"footnotes":""},"categories":[1],"tags":[],"jetpack_sharing_enabled":true,"jetpack_featured_media_url":"http:\/\/pkas.cz\/wp-content\/uploads\/2020\/01\/PKAS_logo-pr\u016fhledn\u00fd.png","_links":{"self":[{"href":"http:\/\/pkas.cz\/index.php?rest_route=\/wp\/v2\/posts\/3447"}],"collection":[{"href":"http:\/\/pkas.cz\/index.php?rest_route=\/wp\/v2\/posts"}],"about":[{"href":"http:\/\/pkas.cz\/index.php?rest_route=\/wp\/v2\/types\/post"}],"author":[{"embeddable":true,"href":"http:\/\/pkas.cz\/index.php?rest_route=\/wp\/v2\/users\/2"}],"replies":[{"embeddable":true,"href":"http:\/\/pkas.cz\/index.php?rest_route=%2Fwp%2Fv2%2Fcomments&post=3447"}],"version-history":[{"count":1,"href":"http:\/\/pkas.cz\/index.php?rest_route=\/wp\/v2\/posts\/3447\/revisions"}],"predecessor-version":[{"id":3449,"href":"http:\/\/pkas.cz\/index.php?rest_route=\/wp\/v2\/posts\/3447\/revisions\/3449"}],"wp:featuredmedia":[{"embeddable":true,"href":"http:\/\/pkas.cz\/index.php?rest_route=\/wp\/v2\/media\/717"}],"wp:attachment":[{"href":"http:\/\/pkas.cz\/index.php?rest_route=%2Fwp%2Fv2%2Fmedia&parent=3447"}],"wp:term":[{"taxonomy":"category","embeddable":true,"href":"http:\/\/pkas.cz\/index.php?rest_route=%2Fwp%2Fv2%2Fcategories&post=3447"},{"taxonomy":"post_tag","embeddable":true,"href":"http:\/\/pkas.cz\/index.php?rest_route=%2Fwp%2Fv2%2Ftags&post=3447"}],"curies":[{"name":"wp","href":"https:\/\/api.w.org\/{rel}","templated":true}]}}